{"id":24146,"date":"2025-03-05T18:44:36","date_gmt":"2025-03-05T15:44:36","guid":{"rendered":"https:\/\/www.egemtv.com\/?p=24146"},"modified":"2025-03-05T18:44:41","modified_gmt":"2025-03-05T15:44:41","slug":"mugla-turizmi-berlinde-tanitildi","status":"publish","type":"post","link":"https:\/\/www.egemtv.com\/?p=24146","title":{"rendered":"Mu\u011fla turizmi Berlin\u2019de tan\u0131t\u0131ld\u0131"},"content":{"rendered":"<p>Almanya\u2019da ger\u00e7ekle\u015ftirilen Berlin Turizm Fuar\u0131\u2019na kat\u0131lan Mu\u011fla B\u00fcy\u00fck\u015fehir Belediye Ba\u015fkan\u0131 Ahmet Aras, Mu\u011fla\u2019n\u0131n turizmini tan\u0131tt\u0131.<br \/>\n<br \/>Mu\u011fla B\u00fcy\u00fck\u015fehir Belediye Ba\u015fkan\u0131 Ahmet Aras ve Antalya B\u00fcy\u00fck\u015fehir Belediye Ba\u015fkan\u0131 Muhittin B\u00f6cek, Almanya\u2019da d\u00fczenlenen ITB Berlin Turizm Fuar\u0131\u2019nda turizmin iki \u00f6nemli \u015fehirleri olan Mu\u011fla ve Antalya\u2019y\u0131 tan\u0131tt\u0131. 59 y\u0131ld\u0131r yap\u0131lan ITB Uluslararas\u0131 Berlin Turizm Fuar\u0131, 4-6 Mart tarihleri aras\u0131nda Almanya\u2019n\u0131n ba\u015fkenti Berlin\u2019de Messe Berlin fuar alan\u0131nda ger\u00e7ekle\u015fti. Fuarda T\u00fcrkiye\u2019nin \u00f6nde gelen turizm \u015fehirlerinden Mu\u011fla ve Antalya da tan\u0131t\u0131ld\u0131. ITB Uluslararas\u0131 Berlin Turizm Fuar\u0131\u2019na seyahat acenteleri, otel zincirleri, tur operat\u00f6rleri, destinasyon y\u00f6netim \u015firketleri, turizm teknolojileri ve di\u011fer ilgili hizmet sa\u011flay\u0131c\u0131lar kat\u0131l\u0131m sa\u011fl\u0131yor.<br \/>\n<br \/>K\u0131y\u0131 Ege Belediyeler Birli\u011fi ve Mu\u011fla B\u00fcy\u00fck\u015fehir Belediye Ba\u015fkan\u0131 Ahmet Aras ve Akdeniz Belediyeler Birli\u011fi ve Antalya B\u00fcy\u00fck\u015fehir Belediye Ba\u015fkan\u0131 Muhittin B\u00f6cek\u2019in kat\u0131ld\u0131\u011f\u0131 fuarda T\u00fcrkiye\u2019nin turizmde ilk \u00fc\u00e7te olan Mu\u011fla ve Antalya\u2019y\u0131 kat\u0131l\u0131mc\u0131lara tan\u0131tt\u0131. Fuar Mu\u011fla ve Antalya\u2019n\u0131n k\u00fclt\u00fcrel ve do\u011fal zenginliklerini daha geni\u015f kitlelere tan\u0131tmak ve s\u00fcrd\u00fcr\u00fclebilir turizm hedefleri do\u011frultusunda yeni f\u0131rsatlar olu\u015fturmak a\u00e7\u0131s\u0131ndan b\u00fcy\u00fck \u00f6nem ta\u015f\u0131yor.<br \/>\n<br \/>ITB Uluslararas\u0131 Berlin Turizm Fuar\u0131 i\u00e7in Almanya\u2019da bulunan Mu\u011fla B\u00fcy\u00fck\u015fehir Belediye Ba\u015fkan\u0131 Ahmet Aras ve Antalya B\u00fcy\u00fck\u015fehir Belediye Ba\u015fkan\u0131 Muhittin B\u00f6cek \u00f6nemli ziyaretlerde bulundu. \u0130ki b\u00fcy\u00fck\u015fehir belediye ba\u015fkan\u0131 T\u00fcrk-Alman Karde\u015f Kentler Federasyonu ile T\u00fcrk Alman \u0130\u015f \u0130nsanlar\u0131 Birli\u011fi y\u00f6netici ve \u00fcyelerini ziyaret ederek \u015fehirlerini anlatt\u0131.<br \/>\n<br \/>&#8220;Kentlerimizi uyum i\u00e7erisinde tan\u0131t\u0131yoruz&#8221;<br \/>\n<br \/>Fuara kat\u0131lan Mu\u011fla B\u00fcy\u00fck\u015fehir Belediye Ba\u015fkan\u0131 Ahmet Aras; &#8220;T\u00fcrkiye\u2019nin turizmde s\u00f6z sahibi olan kentlerinden Mu\u011fla ve Antalya i\u00e7in Antalya B\u00fcy\u00fck\u015fehir Belediye Ba\u015fkan\u0131m\u0131z Muhittin B\u00f6cek ile uyum i\u00e7erisinde \u00e7al\u0131\u015fmalar\u0131m\u0131za devam ediyoruz. ITB Uluslararas\u0131 Berlin Turizm Fuar\u0131\u2019n\u0131n \u015fehirlerimizin tan\u0131t\u0131m\u0131 i\u00e7in \u00f6neminin fark\u0131nday\u0131z. Antalya B\u00fcy\u00fck\u015fehir Belediye Ba\u015fkan\u0131m\u0131z Muhittin B\u00f6cek ile birlikte kentlerimizde yapt\u0131\u011f\u0131m\u0131z \u00e7al\u0131\u015fmalar\u0131 ve projelerimizi tan\u0131tt\u0131\u011f\u0131m\u0131z verimli bir s\u00fcre\u00e7 ge\u00e7irdik. Ayr\u0131ca i\u015f birlikleri i\u00e7in \u00f6nemli temaslarda bulunduk. Bu temaslar\u0131n kentlerimizin ekonomisine olumlu d\u00f6n\u00fc\u015fleri olaca\u011f\u0131n\u0131 d\u00fc\u015f\u00fcn\u00fcyorum. T\u00fcrkiye\u2019nin turizminde ilk \u00fc\u00e7te yer alan Mu\u011fla ve Antalya i\u00e7in B\u00fcy\u00fck\u015fehir Belediye Ba\u015fkanlar\u0131 olarak birlikte projeler \u00fcretmeye, \u00fclkemizi en iyi \u015fekilde temsil etmeye devam edece\u011fiz. ITB Fuar\u0131\u2019nda birlikte \u00fclkemizi temsil etti\u011fimiz Antalya B\u00fcy\u00fck\u015fehir Belediye Ba\u015fkan\u0131m\u0131z Muhittin B\u00f6cek\u2019e te\u015fekk\u00fcr ediyorum&#8221; dedi.<br \/><\/p>\n","protected":false},"excerpt":{"rendered":"<p>Almanya\u2019da ger\u00e7ekle\u015ftirilen Berlin Turizm Fuar\u0131\u2019na kat\u0131lan Mu\u011fla B\u00fcy\u00fck\u015fehir Belediye Ba\u015fkan\u0131 Ahmet Aras, Mu\u011fla\u2019n\u0131n turizmini tan\u0131tt\u0131. Mu\u011fla B\u00fcy\u00fck\u015fehir Belediye Ba\u015fkan\u0131 Ahmet Aras ve Antalya B\u00fcy\u00fck\u015fehir Belediye Ba\u015fkan\u0131 Muhittin B\u00f6cek, Almanya\u2019da d\u00fczenlenen ITB Berlin Turizm Fuar\u0131\u2019nda turizmin iki \u00f6nemli \u015fehirleri olan Mu\u011fla ve Antalya\u2019y\u0131 tan\u0131tt\u0131. 59 y\u0131ld\u0131r yap\u0131lan ITB Uluslararas\u0131 Berlin Turizm Fuar\u0131, 4-6 Mart tarihleri aras\u0131nda&#8230;<\/p>\n","protected":false},"author":1,"featured_media":24147,"comment_status":"open","ping_status":"open","sticky":false,"template":"","format":"standard","meta":{"_crdt_document":"","footnotes":""},"categories":[1],"tags":[],"class_list":["post-24146","post","type-post","status-publish","format-standard","has-post-thumbnail","hentry","category-guncel"],"_links":{"self":[{"href":"https:\/\/www.egemtv.com\/index.php?rest_route=\/wp\/v2\/posts\/24146","targetHints":{"allow":["GET"]}}],"collection":[{"href":"https:\/\/www.egemtv.com\/index.php?rest_route=\/wp\/v2\/posts"}],"about":[{"href":"https:\/\/www.egemtv.com\/index.php?rest_route=\/wp\/v2\/types\/post"}],"author":[{"embeddable":true,"href":"https:\/\/www.egemtv.com\/index.php?rest_route=\/wp\/v2\/users\/1"}],"replies":[{"embeddable":true,"href":"https:\/\/www.egemtv.com\/index.php?rest_route=%2Fwp%2Fv2%2Fcomments&post=24146"}],"version-history":[{"count":1,"href":"https:\/\/www.egemtv.com\/index.php?rest_route=\/wp\/v2\/posts\/24146\/revisions"}],"predecessor-version":[{"id":24148,"href":"https:\/\/www.egemtv.com\/index.php?rest_route=\/wp\/v2\/posts\/24146\/revisions\/24148"}],"wp:featuredmedia":[{"embeddable":true,"href":"https:\/\/www.egemtv.com\/index.php?rest_route=\/wp\/v2\/media\/24147"}],"wp:attachment":[{"href":"https:\/\/www.egemtv.com\/index.php?rest_route=%2Fwp%2Fv2%2Fmedia&parent=24146"}],"wp:term":[{"taxonomy":"category","embeddable":true,"href":"https:\/\/www.egemtv.com\/index.php?rest_route=%2Fwp%2Fv2%2Fcategories&post=24146"},{"taxonomy":"post_tag","embeddable":true,"href":"https:\/\/www.egemtv.com\/index.php?rest_route=%2Fwp%2Fv2%2Ftags&post=24146"}],"curies":[{"name":"wp","href":"https:\/\/api.w.org\/{rel}","templated":true}]}}