{"id":24143,"date":"2025-03-05T17:45:56","date_gmt":"2025-03-05T14:45:56","guid":{"rendered":"https:\/\/www.egemtv.com\/?p=24143"},"modified":"2025-03-05T17:46:00","modified_gmt":"2025-03-05T14:46:00","slug":"ogretmen-balli-son-yolculuguna-gorev-yaptigi-okulunda-ugurlandi","status":"publish","type":"post","link":"https:\/\/www.egemtv.com\/?p=24143","title":{"rendered":"\u00d6\u011fretmen Ball\u0131, son yolculu\u011funa g\u00f6rev yapt\u0131\u011f\u0131 okulunda u\u011furland\u0131"},"content":{"rendered":"<p>Mu\u011fla\u2019n\u0131n Fethiye il\u00e7esinde kalp krizi sonras\u0131 hayat\u0131n\u0131 kaybeden \u00d6\u011fretmen Recep Ball\u0131 son yolculu\u011funa, g\u00f6rev yapt\u0131\u011f\u0131 okulunda meslekta\u015flar\u0131, \u00f6\u011frencileri ve sevenleri taraf\u0131ndan u\u011furland\u0131.<\/p>\n<p>Fethiye Esnaf ve Sanatkarlar Odas\u0131 Mesleki E\u011fitim Merkezi\u2019nde 5 y\u0131ld\u0131r g\u00f6rev yapan Mobilya ve \u0130\u00e7 Mekan Tasar\u0131m\u0131 \u00d6\u011fretmeni Recep Ball\u0131 (42), ge\u00e7irdi\u011fi kalp krizi sonucu hayat\u0131n\u0131 kaybetti. Daha \u00f6nce polislik mesle\u011fini s\u00fcrd\u00fcren, ard\u0131ndan \u00f6\u011fretmenli\u011fe ge\u00e7i\u015f yapan Ball\u0131 i\u00e7in Fethiye Esnaf ve Sanatkarlar Odas\u0131 Mesleki E\u011fitim Merkezi\u2019nde cenaze t\u00f6reni d\u00fczenlendi.<\/p>\n<p>T\u00f6rene merhumun e\u015fi polis memuru Ebru Ball\u0131, aile yak\u0131nlar\u0131, \u00f6\u011fretmen arkada\u015flar\u0131, \u00f6\u011frencileri ve sevenleri kat\u0131ld\u0131. T\u00f6rende Fethiye Esnaf ve Sanatkarlar Odas\u0131 Mesleki E\u011fitim Merkezi Okul M\u00fcd\u00fcr\u00fc Hakan Karakaya ile eski okul m\u00fcd\u00fcr\u00fc Timur Erg\u00fcn, Ball\u0131\u2019n\u0131n meslek hayat\u0131na ve e\u011fitim camias\u0131na katt\u0131\u011f\u0131 de\u011ferlerden bahsederek duygusal birer konu\u015fma yapt\u0131. Cenaze t\u00f6reninin ard\u0131ndan, Din K\u00fclt\u00fcr\u00fc \u00d6\u011fretmeni Gazi Y\u0131lmaz taraf\u0131ndan yap\u0131lan dua ile Recep Ball\u0131\u2019n\u0131n naa\u015f\u0131 \u00c7atalar\u0131k Mezarl\u0131\u011f\u0131\u2019nda k\u0131l\u0131nan cenaze namaz\u0131n\u0131n ard\u0131ndan defnedildi.<br \/><\/p>\n","protected":false},"excerpt":{"rendered":"<p>Mu\u011fla\u2019n\u0131n Fethiye il\u00e7esinde kalp krizi sonras\u0131 hayat\u0131n\u0131 kaybeden \u00d6\u011fretmen Recep Ball\u0131 son yolculu\u011funa, g\u00f6rev yapt\u0131\u011f\u0131 okulunda meslekta\u015flar\u0131, \u00f6\u011frencileri ve sevenleri taraf\u0131ndan u\u011furland\u0131. Fethiye Esnaf ve Sanatkarlar Odas\u0131 Mesleki E\u011fitim Merkezi\u2019nde 5 y\u0131ld\u0131r g\u00f6rev yapan Mobilya ve \u0130\u00e7 Mekan Tasar\u0131m\u0131 \u00d6\u011fretmeni Recep Ball\u0131 (42), ge\u00e7irdi\u011fi kalp krizi sonucu hayat\u0131n\u0131 kaybetti. Daha \u00f6nce polislik mesle\u011fini s\u00fcrd\u00fcren, ard\u0131ndan&#8230;<\/p>\n","protected":false},"author":1,"featured_media":24144,"comment_status":"open","ping_status":"open","sticky":false,"template":"","format":"standard","meta":{"_crdt_document":"","footnotes":""},"categories":[1],"tags":[],"class_list":["post-24143","post","type-post","status-publish","format-standard","has-post-thumbnail","hentry","category-guncel"],"_links":{"self":[{"href":"https:\/\/www.egemtv.com\/index.php?rest_route=\/wp\/v2\/posts\/24143","targetHints":{"allow":["GET"]}}],"collection":[{"href":"https:\/\/www.egemtv.com\/index.php?rest_route=\/wp\/v2\/posts"}],"about":[{"href":"https:\/\/www.egemtv.com\/index.php?rest_route=\/wp\/v2\/types\/post"}],"author":[{"embeddable":true,"href":"https:\/\/www.egemtv.com\/index.php?rest_route=\/wp\/v2\/users\/1"}],"replies":[{"embeddable":true,"href":"https:\/\/www.egemtv.com\/index.php?rest_route=%2Fwp%2Fv2%2Fcomments&post=24143"}],"version-history":[{"count":1,"href":"https:\/\/www.egemtv.com\/index.php?rest_route=\/wp\/v2\/posts\/24143\/revisions"}],"predecessor-version":[{"id":24145,"href":"https:\/\/www.egemtv.com\/index.php?rest_route=\/wp\/v2\/posts\/24143\/revisions\/24145"}],"wp:featuredmedia":[{"embeddable":true,"href":"https:\/\/www.egemtv.com\/index.php?rest_route=\/wp\/v2\/media\/24144"}],"wp:attachment":[{"href":"https:\/\/www.egemtv.com\/index.php?rest_route=%2Fwp%2Fv2%2Fmedia&parent=24143"}],"wp:term":[{"taxonomy":"category","embeddable":true,"href":"https:\/\/www.egemtv.com\/index.php?rest_route=%2Fwp%2Fv2%2Fcategories&post=24143"},{"taxonomy":"post_tag","embeddable":true,"href":"https:\/\/www.egemtv.com\/index.php?rest_route=%2Fwp%2Fv2%2Ftags&post=24143"}],"curies":[{"name":"wp","href":"https:\/\/api.w.org\/{rel}","templated":true}]}}