{"id":24140,"date":"2025-03-05T17:26:57","date_gmt":"2025-03-05T14:26:57","guid":{"rendered":"https:\/\/www.egemtv.com\/?p=24140"},"modified":"2025-03-05T17:27:00","modified_gmt":"2025-03-05T14:27:00","slug":"husumetli-iki-ailenin-kavgasi-kusadasinda-hayati-felc-etti","status":"publish","type":"post","link":"https:\/\/www.egemtv.com\/?p=24140","title":{"rendered":"Husumetli iki ailenin kavgas\u0131 Ku\u015fadas\u0131\u2019nda hayat\u0131 fel\u00e7 etti"},"content":{"rendered":"<p>Ayd\u0131n\u2019\u0131n Ku\u015fadas\u0131 il\u00e7esinde aralar\u0131nda husumet bulunan iki ailenin silahl\u0131 kavgas\u0131 sonras\u0131 al\u0131nan \u00f6nlemler, esnaflar\u0131 i\u015f yapamaz duruma getirirken, adliye ve \u00e7evresi ara\u00e7 trafi\u011fine kapat\u0131ld\u0131. B\u00f6lgede g\u00fcvenlik tedbirleri dolay\u0131s\u0131yla adeta hayat durdu.<\/p>\n<p>Ku\u015fadas\u0131 il\u00e7esinde iki aile aras\u0131nda alacak verecek meselesi y\u00fcz\u00fcnden \u00e7\u0131kt\u0131\u011f\u0131 ileri s\u00fcr\u00fclen silahl\u0131 kavgada bir ki\u015fi hayat\u0131n\u0131 kaybetmi\u015f, bir ki\u015fi ise a\u011f\u0131r yaral\u0131 olarak hastaneye kald\u0131r\u0131lm\u0131\u015ft\u0131. Ya\u015fanan olay\u0131n ard\u0131ndan Ku\u015fadas\u0131 \u0130l\u00e7e Emniyet M\u00fcd\u00fcrl\u00fc\u011f\u00fc Asayi\u015f B\u00fcro Amirli\u011fi ekipleri yapt\u0131klar\u0131 \u00e7al\u0131\u015fmalarda olaya kar\u0131\u015ft\u0131\u011f\u0131 tespit edilen 14 \u015f\u00fcpheli \u015fahs\u0131 g\u00f6zalt\u0131na ald\u0131. G\u00f6zalt\u0131na al\u0131nan \u015fah\u0131slar emniyetteki i\u015flemlerinin ard\u0131ndan adliyeye sevk edildi.<\/p>\n<p>Yo\u011fun g\u00fcvenlik \u00f6nlemi al\u0131nd\u0131<br \/>\n<br \/>\u015e\u00fcphelilerin sevki s\u0131ras\u0131nda adliyeye ba\u011flant\u0131y\u0131 sa\u011flayan Avc\u0131 Sokak ve \u00e7evresi ara\u00e7 trafi\u011fine kapat\u0131ld\u0131. Adliye \u00f6n\u00fcnden ge\u00e7mek isteyen vatanda\u015flar ba\u015fka yollara y\u00f6nlendirilirken, cadde esnaf\u0131 da durumdan olumsuz etkilendi. Ku\u015fadas\u0131 Adliyesi etraf\u0131ndaki yollarda ara\u00e7 trafi\u011fi zaman zaman durma noktas\u0131na geldi. \u0130ki husumetli ailenin taraflar\u0131n\u0131n silahl\u0131 kavgas\u0131 sonras\u0131 ya\u015fanan olumsuzluklar\u0131n, mahkemenin sonu\u00e7lanmas\u0131n\u0131n ard\u0131ndan sona ermesi bekleniyor.<\/p>\n<p>Bu arada olaydan sonra silahl\u0131 olarak yaral\u0131lardan birinin bulundu\u011fu Ayd\u0131n\u2019daki bir hastaneyi basma giri\u015fiminde bulunan taraflar\u0131n tutumu da \u015fehirde endi\u015fe ve tepkiye neden oldu. Polis ekipleri gece yar\u0131s\u0131 hastane \u00e7evresindeki a\u011fa\u00e7l\u0131k alana gizlenen silahlara el koyarken olayla ilgili tahkikat\u0131n \u00e7ok y\u00f6nl\u00fc olarak s\u00fcrd\u00fcr\u00fcld\u00fc\u011f\u00fc \u00f6\u011frenildi. Ayd\u0131n\u2019da polis ekiplerinin yan\u0131 s\u0131ra \u00f6zel harekat timleri de \u00e7al\u0131\u015fmalar\u0131n\u0131 s\u00fcrd\u00fcr\u00fcyor.<br \/><\/p>\n","protected":false},"excerpt":{"rendered":"<p>Ayd\u0131n\u2019\u0131n Ku\u015fadas\u0131 il\u00e7esinde aralar\u0131nda husumet bulunan iki ailenin silahl\u0131 kavgas\u0131 sonras\u0131 al\u0131nan \u00f6nlemler, esnaflar\u0131 i\u015f yapamaz duruma getirirken, adliye ve \u00e7evresi ara\u00e7 trafi\u011fine kapat\u0131ld\u0131. B\u00f6lgede g\u00fcvenlik tedbirleri dolay\u0131s\u0131yla adeta hayat durdu. Ku\u015fadas\u0131 il\u00e7esinde iki aile aras\u0131nda alacak verecek meselesi y\u00fcz\u00fcnden \u00e7\u0131kt\u0131\u011f\u0131 ileri s\u00fcr\u00fclen silahl\u0131 kavgada bir ki\u015fi hayat\u0131n\u0131 kaybetmi\u015f, bir ki\u015fi ise a\u011f\u0131r yaral\u0131 olarak&#8230;<\/p>\n","protected":false},"author":1,"featured_media":24141,"comment_status":"open","ping_status":"open","sticky":false,"template":"","format":"standard","meta":{"_crdt_document":"","footnotes":""},"categories":[5],"tags":[],"class_list":["post-24140","post","type-post","status-publish","format-standard","has-post-thumbnail","hentry","category-asayis"],"_links":{"self":[{"href":"https:\/\/www.egemtv.com\/index.php?rest_route=\/wp\/v2\/posts\/24140","targetHints":{"allow":["GET"]}}],"collection":[{"href":"https:\/\/www.egemtv.com\/index.php?rest_route=\/wp\/v2\/posts"}],"about":[{"href":"https:\/\/www.egemtv.com\/index.php?rest_route=\/wp\/v2\/types\/post"}],"author":[{"embeddable":true,"href":"https:\/\/www.egemtv.com\/index.php?rest_route=\/wp\/v2\/users\/1"}],"replies":[{"embeddable":true,"href":"https:\/\/www.egemtv.com\/index.php?rest_route=%2Fwp%2Fv2%2Fcomments&post=24140"}],"version-history":[{"count":1,"href":"https:\/\/www.egemtv.com\/index.php?rest_route=\/wp\/v2\/posts\/24140\/revisions"}],"predecessor-version":[{"id":24142,"href":"https:\/\/www.egemtv.com\/index.php?rest_route=\/wp\/v2\/posts\/24140\/revisions\/24142"}],"wp:featuredmedia":[{"embeddable":true,"href":"https:\/\/www.egemtv.com\/index.php?rest_route=\/wp\/v2\/media\/24141"}],"wp:attachment":[{"href":"https:\/\/www.egemtv.com\/index.php?rest_route=%2Fwp%2Fv2%2Fmedia&parent=24140"}],"wp:term":[{"taxonomy":"category","embeddable":true,"href":"https:\/\/www.egemtv.com\/index.php?rest_route=%2Fwp%2Fv2%2Fcategories&post=24140"},{"taxonomy":"post_tag","embeddable":true,"href":"https:\/\/www.egemtv.com\/index.php?rest_route=%2Fwp%2Fv2%2Ftags&post=24140"}],"curies":[{"name":"wp","href":"https:\/\/api.w.org\/{rel}","templated":true}]}}