{"id":24137,"date":"2025-03-05T17:26:54","date_gmt":"2025-03-05T14:26:54","guid":{"rendered":"https:\/\/www.egemtv.com\/?p=24137"},"modified":"2025-03-05T17:26:57","modified_gmt":"2025-03-05T14:26:57","slug":"jandarmanin-tefeci-operasyonunda-ele-gecirilen-para-ve-gayrimenkuller-dudak-ucuklatti","status":"publish","type":"post","link":"https:\/\/www.egemtv.com\/?p=24137","title":{"rendered":"Jandarman\u0131n tefeci operasyonunda ele ge\u00e7irilen para ve gayrimenkuller dudak u\u00e7uklatt\u0131"},"content":{"rendered":"<p>Afyonkarahisar\u2019da jandarma taraf\u0131ndan tefecilere y\u00f6nelik ger\u00e7ekle\u015ftirilen \u2019Faiz Kapan\u0131\u2019  operasyonunda 9 ki\u015fi g\u00f6zalt\u0131na al\u0131n\u0131rken, yakla\u015f\u0131k 370 milyon TL de\u011ferinde nakit pata, gayrimenkul ve araca da el konuldu.<br \/>\n<br \/>Afyonkarahisar Valisi K\u00fcbra G\u00fcran Yi\u011fitba\u015f\u0131, d\u00fczenledi\u011fi toplant\u0131da, 5 \u015eubat-5 Mart 2025 tarihleri aras\u0131nda il genelinde y\u00fcr\u00fct\u00fclen asayi\u015f \u00e7al\u0131\u015fmalar\u0131na ili\u015fkin a\u00e7\u0131klamalarda bulundu. Toplant\u0131da, \u0130l Jandarma Komutan\u0131 Jandarma Albay Tolga Ya\u011fan ve \u0130l Emniyet M\u00fcd\u00fcr\u00fc Ahmet Birtan Erol da yer ald\u0131. Vali Yi\u011fitba\u015f\u0131, \u0130l Jandarma Komutanl\u0131\u011f\u0131 ekiplerinin, \u2018Faiz Kapan\u0131 Operasyonu\u2019 kapsam\u0131nda Afyonkarahisar \u015fehir merkezinde minib\u00fcs hatt\u0131 i\u015fleten 9 ki\u015finin, aralar\u0131nda \u00fcniversite \u00f6\u011frencilerinin de bulundu\u011fu ki\u015filere faiz kar\u015f\u0131l\u0131\u011f\u0131nda bor\u00e7 para verdikleri ve bor\u00e7lar\u0131n\u0131 \u00f6deyemeyenlerin zorla senet imzalatarak mal varl\u0131klar\u0131n\u0131 devretmeye zorlad\u0131klar\u0131 tespit edildi\u011fini kaydetti.<br \/>\n<br \/>Vali Yi\u011fitba\u015f\u0131, &#8220;\u0130l Jandarma Komutanl\u0131\u011f\u0131 ekiplerimizce ge\u00e7en hafta i\u00e7erisinde \u2018Faiz Kapan\u0131\u2019 operasyonu\u2019 icra edilmi\u015f, bu kapsamda Afyon \u015fehir merkezinde minib\u00fcs hatt\u0131 i\u015fleten 9 \u015fahs\u0131n, ihtiya\u00e7 sahibi olan i\u00e7erisinde \u00fcniversite \u00f6\u011frencilerimizin de oldu\u011fu vatanda\u015flar\u0131m\u0131za faiz kar\u015f\u0131l\u0131\u011f\u0131nda bor\u00e7 para verdikleri, vade sonunda borcunu \u00f6deyemeyen \u015fah\u0131slara zorla senet imzalat\u0131larak \u00fcstlerine kay\u0131tl\u0131 mal varl\u0131klar\u0131n\u0131 devretmeye zorlad\u0131klar\u0131, bu konuda cebir ve \u015fiddet uygulad\u0131klar\u0131 tespit edilmi\u015ftir. Bu \u015fah\u0131slara y\u00f6nelik 10 adreste e\u015f zamanl\u0131 olarak 34 asayi\u015f timi, 3 komando timi olmak \u00fczere toplam 160 personel ile operasyon ve arama icra edilmi\u015ftir. Yap\u0131lan arama sonucunda; \u00e7ok miktarda nakit para, y\u00fczlerce adet senet, 53 adet ara\u00e7 sat\u0131\u015f s\u00f6zle\u015fmesi, 1 adet el bombas\u0131, 4 adet tabanca, \u00e7ok miktarda uyu\u015fturucu madde, 1 bin 273 adet mermi ele ge\u00e7irildi. Yakalanan 9 \u015fah\u0131stan 4\u2019\u00fc tutuklanarak cezaevine teslim edildi. Ayr\u0131ca su\u00e7tan elde ettikleri de\u011ferlendirilen, banka hesaplar\u0131ndaki 237 Milyon TL paraya, 80 Milyon TL de\u011ferinde 25 adet gayrimenkule ve 30 Milyon TL de\u011ferinde 6 adet araca tedbir karar\u0131 uyguland\u0131. Kolluk kuvvetlerimiz, vatanda\u015flar\u0131m\u0131z\u0131n zor durumundan faydalanarak tuza\u011fa d\u00fc\u015f\u00fcrmeye \u00e7al\u0131\u015fan bu t\u00fcr olu\u015fumlara hi\u00e7bir zaman m\u00fcsaade etmeyecektir. Devletimizin kadife eldiveninin i\u00e7indeki demir yumru\u011fu, su\u00e7lular\u0131n her zaman tepesinde olacakt\u0131r&#8221; dedi.<br \/><\/p>\n","protected":false},"excerpt":{"rendered":"<p>Afyonkarahisar\u2019da jandarma taraf\u0131ndan tefecilere y\u00f6nelik ger\u00e7ekle\u015ftirilen \u2019Faiz Kapan\u0131\u2019 operasyonunda 9 ki\u015fi g\u00f6zalt\u0131na al\u0131n\u0131rken, yakla\u015f\u0131k 370 milyon TL de\u011ferinde nakit pata, gayrimenkul ve araca da el konuldu. Afyonkarahisar Valisi K\u00fcbra G\u00fcran Yi\u011fitba\u015f\u0131, d\u00fczenledi\u011fi toplant\u0131da, 5 \u015eubat-5 Mart 2025 tarihleri aras\u0131nda il genelinde y\u00fcr\u00fct\u00fclen asayi\u015f \u00e7al\u0131\u015fmalar\u0131na ili\u015fkin a\u00e7\u0131klamalarda bulundu. Toplant\u0131da, \u0130l Jandarma Komutan\u0131 Jandarma Albay Tolga Ya\u011fan&#8230;<\/p>\n","protected":false},"author":1,"featured_media":24138,"comment_status":"open","ping_status":"open","sticky":false,"template":"","format":"standard","meta":{"_crdt_document":"","footnotes":""},"categories":[5],"tags":[],"class_list":["post-24137","post","type-post","status-publish","format-standard","has-post-thumbnail","hentry","category-asayis"],"_links":{"self":[{"href":"https:\/\/www.egemtv.com\/index.php?rest_route=\/wp\/v2\/posts\/24137","targetHints":{"allow":["GET"]}}],"collection":[{"href":"https:\/\/www.egemtv.com\/index.php?rest_route=\/wp\/v2\/posts"}],"about":[{"href":"https:\/\/www.egemtv.com\/index.php?rest_route=\/wp\/v2\/types\/post"}],"author":[{"embeddable":true,"href":"https:\/\/www.egemtv.com\/index.php?rest_route=\/wp\/v2\/users\/1"}],"replies":[{"embeddable":true,"href":"https:\/\/www.egemtv.com\/index.php?rest_route=%2Fwp%2Fv2%2Fcomments&post=24137"}],"version-history":[{"count":1,"href":"https:\/\/www.egemtv.com\/index.php?rest_route=\/wp\/v2\/posts\/24137\/revisions"}],"predecessor-version":[{"id":24139,"href":"https:\/\/www.egemtv.com\/index.php?rest_route=\/wp\/v2\/posts\/24137\/revisions\/24139"}],"wp:featuredmedia":[{"embeddable":true,"href":"https:\/\/www.egemtv.com\/index.php?rest_route=\/wp\/v2\/media\/24138"}],"wp:attachment":[{"href":"https:\/\/www.egemtv.com\/index.php?rest_route=%2Fwp%2Fv2%2Fmedia&parent=24137"}],"wp:term":[{"taxonomy":"category","embeddable":true,"href":"https:\/\/www.egemtv.com\/index.php?rest_route=%2Fwp%2Fv2%2Fcategories&post=24137"},{"taxonomy":"post_tag","embeddable":true,"href":"https:\/\/www.egemtv.com\/index.php?rest_route=%2Fwp%2Fv2%2Ftags&post=24137"}],"curies":[{"name":"wp","href":"https:\/\/api.w.org\/{rel}","templated":true}]}}