{"id":24134,"date":"2025-03-05T17:26:50","date_gmt":"2025-03-05T14:26:50","guid":{"rendered":"https:\/\/www.egemtv.com\/?p=24134"},"modified":"2025-03-05T17:26:54","modified_gmt":"2025-03-05T14:26:54","slug":"baskan-dogan-gazi-ve-sehit-yakinlari-ile-iftarda-bulustu","status":"publish","type":"post","link":"https:\/\/www.egemtv.com\/?p=24134","title":{"rendered":"Ba\u015fkan Do\u011fan gazi ve \u015fehit yak\u0131nlar\u0131 ile iftarda bulu\u015ftu"},"content":{"rendered":"<p>Merkezefendi Belediyesi taraf\u0131ndan gazi ve \u015fehit aileleri i\u00e7in iftar program\u0131 d\u00fczenlendi. Ba\u015fkan Do\u011fan, &#8220;Gazi ve \u015fehit ailelerimizin hayat\u0131n\u0131 kolayla\u015ft\u0131rmak i\u00e7in elimizden gelen her \u015feyi yapmaya gayret ediyoruz. Biz onlara her zaman minnettar\u0131z&#8221; dedi.<br \/>\n<br \/>Merkezefendi Belediyesi, Ramazan ay\u0131n\u0131n dayan\u0131\u015fma ve yard\u0131mla\u015fma ruhunu ya\u015fatmak i\u00e7in ilk iftar\u0131n\u0131 gazi ve \u015fehit aileleri i\u00e7in d\u00fczenledi. Bereketler Toplant\u0131 ve Sergi Salonu\u2019nda ger\u00e7ekle\u015ftirilen iftar program\u0131na Denizli Muharip Gaziler Derne\u011fi Ba\u015fkan\u0131 Hamdi Helvac\u0131lar, Denizli Harp Malul\u00fc Gaziler \u015eehit Dul ve Yetimler Derne\u011fi Ba\u015fkan\u0131 Mustafa I\u015f\u0131k, Merkezefendi Belediyesi Ba\u015fkan Yard\u0131mc\u0131lar\u0131, gaziler ve \u015fehit aileleri kat\u0131ld\u0131. Gazi ve \u015fehit aileleri manevi atmosferde hep beraber oru\u00e7lar\u0131n\u0131 a\u00e7t\u0131.<\/p>\n<p>&#8220;Ramazan ay\u0131n\u0131n ilk iftar\u0131n\u0131 gazi ve \u015fehit ailelerimizle yapmak istedik&#8221;<br \/>\n<br \/>Birlik ve beraberli\u011fin ne kadar k\u0131ymetli oldu\u011funu dile getiren Merkezefendi Belediye Ba\u015fkan\u0131 \u015eeniz Do\u011fan, &#8220;Sizlerin bizdeki yeri ve de\u011feri bamba\u015fka. Sizlerin \u00e7ekti\u011fi s\u0131k\u0131nt\u0131lar\u0131, ac\u0131lar\u0131 \u00e7ok iyi anl\u0131yoruz. 2019\u2019da g\u00f6reve geldi\u011fimiz g\u00fcnden itibaren gazi ve \u015fehit ailelerimizin hayat\u0131n\u0131 kolayla\u015ft\u0131rmak i\u00e7in elimizden gelen her \u015feyi yapmaya gayret ediyoruz. \u00c7\u00fcnk\u00fc sizler bu vatan i\u00e7in yeri geldi can\u0131n\u0131z\u0131 verdiniz, yeri geldi sevdi\u011finizi verdiniz. Ya da bu vatan i\u00e7in gazi oldunuz. Bu anlamda T\u00fcrkiye Cumhuriyetimizin Misak-\u0131 Milli s\u0131n\u0131rlar\u0131m\u0131z\u0131 korumak i\u00e7in can\u0131n\u0131z\u0131, kan\u0131n\u0131z\u0131, hayat\u0131n\u0131z\u0131, gelece\u011finizi, gen\u00e7li\u011finizi ve \u00f6mr\u00fcn\u00fcz\u00fc verdiniz. Biz sizlere her zaman minnettar\u0131z ve minnettar olmaya da devam edece\u011fiz. Bizler sizler i\u00e7in ne yapsak az, her zaman yan\u0131n\u0131zday\u0131z&#8221; ifadelerini kulland\u0131.<\/p>\n<p>&#8220;Gazi ve \u015fehitlerimizin isimlerini Merkezefendimizde ya\u015fatmaya \u00e7al\u0131\u015f\u0131yoruz&#8221;<br \/>\n<br \/>Vatan i\u00e7in fedak\u00e2rl\u0131k g\u00f6steren hi\u00e7bir kimseyi unutmayacaklar\u0131n\u0131 dile getiren Ba\u015fkan Do\u011fan, &#8220;Ge\u00e7en d\u00f6nem Merkezefendi Belediyesi olarak b\u00fct\u00fcn Denizli\u2019ye \u00f6rnek olan Gazi ve \u015eehit Birimimizi kurduk. \u015eehitlerimizin ve gazilerimizin isimlerini parklara ve sokaklara vererek onlar\u0131n o maneviyat\u0131n\u0131, ruhunu da ya\u015fatmaya \u00e7al\u0131\u015f\u0131yoruz. Bug\u00fcn hep birlikte g\u00fczel bir Ramazan ak\u015fam\u0131nda orucumuzu beraber a\u00e7t\u0131k. Ramazan\u0131n ruhunu, maneviyat\u0131n\u0131 ve beraberli\u011fini sizlerle birlikte ya\u015famak istedik. Ramazan ay\u0131n\u0131n ilk iftar\u0131n\u0131z\u0131 sizlerle birlikte ger\u00e7ekle\u015ftirdik. T\u00fcm gazi ve \u015fehit ailelerimize te\u015fekk\u00fcr ediyor, hay\u0131rl\u0131 Ramazanlar diliyorum&#8221; dedi.<\/p>\n<p>&#8220;Verdi\u011fi desteklerden dolay\u0131 ba\u015fkan\u0131m\u0131za te\u015fekk\u00fcr ediyorum&#8221;<br \/>\n<br \/>Denizli Muharip Gaziler Derne\u011fi Ba\u015fkan\u0131 Hamdi Helvac\u0131lar, &#8220;Merkezefendi Belediye Ba\u015fkan\u0131m\u0131z \u015eeniz Do\u011fan\u2019\u0131n bizi b\u00f6yle \u00f6zel bir g\u00fcnde hepimizi biraraya getirdi\u011fi i\u00e7in \u00e7ok te\u015fekk\u00fcr ederim. Her zaman i\u00e7in ba\u015fkan\u0131m\u0131z \u015eeniz Do\u011fan, hi\u00e7 bir zaman talebimizi ve iste\u011fimizi geri \u00e7evirmedi. Her zaman i\u00e7erisinde sayg\u0131yla ve insani d\u00fc\u015f\u00fcnceler \u00e7er\u00e7evesinde bizlere yard\u0131mc\u0131 oldu. Kendisine bu aile ortam\u0131nda her iki derne\u011fe verdi\u011fi desteklerden dolay\u0131 te\u015fekk\u00fcr ediyorum. Bizlere bu g\u00fczel ortamdaki iftar yeme\u011finde g\u00fczel ortam\u0131 ya\u015fatt\u0131\u011f\u0131 i\u00e7in Merkezefendi Belediye Ba\u015fkan\u0131 \u015eeniz Do\u011fan\u2019a tekrar te\u015fekk\u00fcr ediyorum&#8221; \u015feklinde konu\u015ftu.<\/p>\n<p>&#8220;Bize verdi\u011fi de\u011ferlerden dolay\u0131 ba\u015fkan\u0131m\u0131za te\u015fekk\u00fcr ediyorum&#8221;<br \/>\n<br \/>Denizli Harp Malul\u00fc Gaziler \u015eehit Dul ve Yetimler Derne\u011fi Ba\u015fkan\u0131 Mustafa I\u015f\u0131k, &#8220;Ba\u015fta bu birlikteli\u011fi bize sa\u011flad\u0131\u011f\u0131 i\u00e7in Merkezefendi Belediye Ba\u015fkan\u0131m\u0131z \u015eeniz Do\u011fan\u2019a Denizli Muharip Gaziler Derne\u011fi Ba\u015fkan\u0131 Hamdi Helvac\u0131lar\u2019a gaziler ve \u015fehit yak\u0131nlar\u0131na te\u015fekk\u00fcr ederim. Ba\u015fkan\u0131m\u0131z \u015eeniz Do\u011fan\u2019a ilk Ramazan ay\u0131 iftar\u0131n\u0131 bizlerle yapt\u0131\u011f\u0131 i\u00e7in tekrar te\u015fekk\u00fcr ediyorum. Gaziler ve \u015fehit yak\u0131nlar\u0131 i\u00e7in bize bir birim olu\u015fturdular. Bize verdi\u011fi de\u011ferlerden dolay\u0131 te\u015fekk\u00fcr ediyorum. \u0130ftarda bir araya gelmek bizim i\u00e7in ayr\u0131 bir onur vesilesi oluyor. B\u00fcy\u00fck veya k\u00fc\u00e7\u00fck demeden t\u00fcm ihtiya\u00e7lar\u0131m\u0131z\u0131 gideren ba\u015fkan\u0131m\u0131za te\u015fekk\u00fcr ediyorum&#8221; dedi.<br \/><\/p>\n","protected":false},"excerpt":{"rendered":"<p>Merkezefendi Belediyesi taraf\u0131ndan gazi ve \u015fehit aileleri i\u00e7in iftar program\u0131 d\u00fczenlendi. Ba\u015fkan Do\u011fan, &#8220;Gazi ve \u015fehit ailelerimizin hayat\u0131n\u0131 kolayla\u015ft\u0131rmak i\u00e7in elimizden gelen her \u015feyi yapmaya gayret ediyoruz. Biz onlara her zaman minnettar\u0131z&#8221; dedi. Merkezefendi Belediyesi, Ramazan ay\u0131n\u0131n dayan\u0131\u015fma ve yard\u0131mla\u015fma ruhunu ya\u015fatmak i\u00e7in ilk iftar\u0131n\u0131 gazi ve \u015fehit aileleri i\u00e7in d\u00fczenledi. Bereketler Toplant\u0131 ve Sergi&#8230;<\/p>\n","protected":false},"author":1,"featured_media":24135,"comment_status":"open","ping_status":"open","sticky":false,"template":"","format":"standard","meta":{"_crdt_document":"","footnotes":""},"categories":[123],"tags":[],"class_list":["post-24134","post","type-post","status-publish","format-standard","has-post-thumbnail","hentry","category-gundem"],"_links":{"self":[{"href":"https:\/\/www.egemtv.com\/index.php?rest_route=\/wp\/v2\/posts\/24134","targetHints":{"allow":["GET"]}}],"collection":[{"href":"https:\/\/www.egemtv.com\/index.php?rest_route=\/wp\/v2\/posts"}],"about":[{"href":"https:\/\/www.egemtv.com\/index.php?rest_route=\/wp\/v2\/types\/post"}],"author":[{"embeddable":true,"href":"https:\/\/www.egemtv.com\/index.php?rest_route=\/wp\/v2\/users\/1"}],"replies":[{"embeddable":true,"href":"https:\/\/www.egemtv.com\/index.php?rest_route=%2Fwp%2Fv2%2Fcomments&post=24134"}],"version-history":[{"count":1,"href":"https:\/\/www.egemtv.com\/index.php?rest_route=\/wp\/v2\/posts\/24134\/revisions"}],"predecessor-version":[{"id":24136,"href":"https:\/\/www.egemtv.com\/index.php?rest_route=\/wp\/v2\/posts\/24134\/revisions\/24136"}],"wp:featuredmedia":[{"embeddable":true,"href":"https:\/\/www.egemtv.com\/index.php?rest_route=\/wp\/v2\/media\/24135"}],"wp:attachment":[{"href":"https:\/\/www.egemtv.com\/index.php?rest_route=%2Fwp%2Fv2%2Fmedia&parent=24134"}],"wp:term":[{"taxonomy":"category","embeddable":true,"href":"https:\/\/www.egemtv.com\/index.php?rest_route=%2Fwp%2Fv2%2Fcategories&post=24134"},{"taxonomy":"post_tag","embeddable":true,"href":"https:\/\/www.egemtv.com\/index.php?rest_route=%2Fwp%2Fv2%2Ftags&post=24134"}],"curies":[{"name":"wp","href":"https:\/\/api.w.org\/{rel}","templated":true}]}}