{"id":24131,"date":"2025-03-05T16:47:01","date_gmt":"2025-03-05T13:47:01","guid":{"rendered":"https:\/\/www.egemtv.com\/?p=24131"},"modified":"2025-03-05T16:47:03","modified_gmt":"2025-03-05T13:47:03","slug":"kara-avciligi-icin-av-sezonu-kapandi","status":"publish","type":"post","link":"https:\/\/www.egemtv.com\/?p=24131","title":{"rendered":"Kara avc\u0131l\u0131\u011f\u0131 i\u00e7in av sezonu kapand\u0131"},"content":{"rendered":"<p>Do\u011fa Koruma ve Milli Parklar Genel M\u00fcd\u00fcrl\u00fc\u011f\u00fc (DKMP) taraf\u0131ndan yap\u0131lan a\u00e7\u0131klamaya g\u00f6re, 2024-2025 Av D\u00f6nemi 2 Mart 2025 itibar\u0131yla sona erdi.<br \/>\n<br \/>4915 say\u0131l\u0131 Kara Avc\u0131l\u0131\u011f\u0131 Kanunu kapsam\u0131nda av hayvanlar\u0131n\u0131n e\u015f tutma, \u00fcreme, yavru b\u00fcy\u00fctme ve erginle\u015fme d\u00f6nemlerinin korunmas\u0131 amac\u0131yla her y\u0131l belirlenen av sezonu, 2 Mart 2025 tarihinden itibaren \u00fclke genelinde kapat\u0131ld\u0131. 2 Mart tarihten itibaren, av ve yaban hayvanlar\u0131n\u0131n \u00fcreme s\u00fcrecine girildi\u011fi i\u00e7in avc\u0131l\u0131k faaliyetlerine A\u011fustos ay\u0131na kadar ara verilecek. Do\u011fa Koruma ve Milli Parklar Genel M\u00fcd\u00fcrl\u00fc\u011f\u00fc taraf\u0131ndan yap\u0131lan a\u00e7\u0131klamada, av yasa\u011f\u0131 s\u00fcresince do\u011faya \u00e7\u0131kan vatanda\u015flar\u0131n hassasiyet g\u00f6stermesi gerekti\u011fi, yaban hayvanlar\u0131n\u0131n yavrular\u0131n\u0131n ve yumurtalar\u0131n\u0131n toplanmas\u0131n\u0131n kesinlikle yasak oldu\u011fu vurguland\u0131.<\/p>\n<p>Yasaklara uymayanlara idari para cezas\u0131<br \/>\n<br \/>Av ve yaban hayvanlar\u0131n\u0131n \u00fcreme d\u00f6neminin ba\u015flad\u0131\u011f\u0131 i\u00e7in, A\u011fustos ay\u0131na kadar \u00fclke genelinde avlama faaliyeti yasakland\u0131. DKMP taraf\u0131ndan payla\u015f\u0131lan a\u00e7\u0131klamada, 2 Mart tarihinden sonra av yapan vatanda\u015flar hakk\u0131nda 4915 say\u0131l\u0131 Kara Avc\u0131l\u0131\u011f\u0131 Kanunu ve Merkez Av Komisyonu karar\u0131 \u00e7er\u00e7evesinde idari para cezas\u0131 verilece\u011fi ayr\u0131ca av hayvan\u0131 t\u00fcr\u00fcne g\u00f6re de\u011fi\u015fen tazminat bedelleri talep edilece\u011fi ifade edildi.<br \/>\n<br \/>2025-2026 av sezonunu kapsayacak karar\u0131n\u0131 al\u0131nmas\u0131 i\u00e7in Merkez Av Komisyonu may\u0131s ay\u0131 i\u00e7erisinde tekrar toplanacak. Bu kararda av d\u00f6neminde uygulanacak avlanma usul ve esaslar\u0131 ile av hayvan\u0131 t\u00fcrlerine g\u00f6re av\u0131n a\u00e7\u0131laca\u011f\u0131 tarihler belirlenecek.<br \/><\/p>\n","protected":false},"excerpt":{"rendered":"<p>Do\u011fa Koruma ve Milli Parklar Genel M\u00fcd\u00fcrl\u00fc\u011f\u00fc (DKMP) taraf\u0131ndan yap\u0131lan a\u00e7\u0131klamaya g\u00f6re, 2024-2025 Av D\u00f6nemi 2 Mart 2025 itibar\u0131yla sona erdi. 4915 say\u0131l\u0131 Kara Avc\u0131l\u0131\u011f\u0131 Kanunu kapsam\u0131nda av hayvanlar\u0131n\u0131n e\u015f tutma, \u00fcreme, yavru b\u00fcy\u00fctme ve erginle\u015fme d\u00f6nemlerinin korunmas\u0131 amac\u0131yla her y\u0131l belirlenen av sezonu, 2 Mart 2025 tarihinden itibaren \u00fclke genelinde kapat\u0131ld\u0131. 2 Mart tarihten&#8230;<\/p>\n","protected":false},"author":1,"featured_media":24132,"comment_status":"open","ping_status":"open","sticky":false,"template":"","format":"standard","meta":{"_crdt_document":"","footnotes":""},"categories":[1],"tags":[],"class_list":["post-24131","post","type-post","status-publish","format-standard","has-post-thumbnail","hentry","category-guncel"],"_links":{"self":[{"href":"https:\/\/www.egemtv.com\/index.php?rest_route=\/wp\/v2\/posts\/24131","targetHints":{"allow":["GET"]}}],"collection":[{"href":"https:\/\/www.egemtv.com\/index.php?rest_route=\/wp\/v2\/posts"}],"about":[{"href":"https:\/\/www.egemtv.com\/index.php?rest_route=\/wp\/v2\/types\/post"}],"author":[{"embeddable":true,"href":"https:\/\/www.egemtv.com\/index.php?rest_route=\/wp\/v2\/users\/1"}],"replies":[{"embeddable":true,"href":"https:\/\/www.egemtv.com\/index.php?rest_route=%2Fwp%2Fv2%2Fcomments&post=24131"}],"version-history":[{"count":1,"href":"https:\/\/www.egemtv.com\/index.php?rest_route=\/wp\/v2\/posts\/24131\/revisions"}],"predecessor-version":[{"id":24133,"href":"https:\/\/www.egemtv.com\/index.php?rest_route=\/wp\/v2\/posts\/24131\/revisions\/24133"}],"wp:featuredmedia":[{"embeddable":true,"href":"https:\/\/www.egemtv.com\/index.php?rest_route=\/wp\/v2\/media\/24132"}],"wp:attachment":[{"href":"https:\/\/www.egemtv.com\/index.php?rest_route=%2Fwp%2Fv2%2Fmedia&parent=24131"}],"wp:term":[{"taxonomy":"category","embeddable":true,"href":"https:\/\/www.egemtv.com\/index.php?rest_route=%2Fwp%2Fv2%2Fcategories&post=24131"},{"taxonomy":"post_tag","embeddable":true,"href":"https:\/\/www.egemtv.com\/index.php?rest_route=%2Fwp%2Fv2%2Ftags&post=24131"}],"curies":[{"name":"wp","href":"https:\/\/api.w.org\/{rel}","templated":true}]}}