{"id":24128,"date":"2025-03-05T16:46:57","date_gmt":"2025-03-05T13:46:57","guid":{"rendered":"https:\/\/www.egemtv.com\/?p=24128"},"modified":"2025-03-05T16:47:01","modified_gmt":"2025-03-05T13:47:01","slug":"efeler-belediyesinden-colyak-hastalarina-destek","status":"publish","type":"post","link":"https:\/\/www.egemtv.com\/?p=24128","title":{"rendered":"Efeler Belediyesi\u2019nden \u00c7\u00f6lyak hastalar\u0131na destek"},"content":{"rendered":"<p>Efeler Belediye Ba\u015fkan\u0131 An\u0131l Yeti\u015fkin\u2019in \u00f6nc\u00fcl\u00fc\u011f\u00fcnde, toplumun her kesimine hitap eden projeler hayata ge\u00e7irilmeye devam ediyor.<\/p>\n<p>Belediye b\u00fcnyesindeki Kad\u0131n Eme\u011fi Tar\u0131msal \u00dcr\u00fcn Fabrikas\u0131\u2019nda kad\u0131n eme\u011fiyle \u00fcretilen y\u00f6resel g\u0131dalar ve kad\u0131n giri\u015fimciler ile kad\u0131n kooperatiflerinin \u00fcr\u00fcnlerinin sat\u0131ld\u0131\u011f\u0131 Efe Bakkallar\u2019da art\u0131k \u00c7\u00f6lyak hastalar\u0131 i\u00e7in gl\u00fctensiz \u00fcr\u00fcnler de yer al\u0131yor. Girne Mahallesi ve Kurtulu\u015f Mahallesi\u2019ndeki Efe Bakkallar, sa\u011fl\u0131kl\u0131 ve g\u00fcvenilir g\u0131daya eri\u015fimi kolayla\u015ft\u0131ran yeni \u00fcr\u00fcn yelpazesiyle hizmet vermeye ba\u015flad\u0131. Ba\u015fkan An\u0131l Yeti\u015fkin, bu projeyle hem \u00e7\u00f6lyak hastalar\u0131n\u0131n ihtiyac\u0131na cevap verdiklerini hem de kad\u0131n eme\u011fini desteklemeye devam ettiklerini belirtti.<\/p>\n<p>Efeler\u2019de kimsenin sa\u011fl\u0131kl\u0131 g\u0131daya eri\u015fimde zorluk ya\u015famamas\u0131 gerekti\u011fini vurgulayan Yeti\u015fkin, &#8220;Vatanda\u015flar\u0131m\u0131z\u0131n taleplerine duyarl\u0131 bir belediye olarak, gl\u00fctensiz beslenmek zorunda olan hem\u015fehrilerimizin yan\u0131nda olmay\u0131 g\u00f6rev biliyoruz. Ayn\u0131 zamanda kad\u0131n \u00fcreticilerimizin eme\u011fini de\u011ferlendirmek ve yerel ekonomiyi desteklemek i\u00e7in \u00e7al\u0131\u015fmaya devam edece\u011fiz&#8221; dedi.<br \/><\/p>\n","protected":false},"excerpt":{"rendered":"<p>Efeler Belediye Ba\u015fkan\u0131 An\u0131l Yeti\u015fkin\u2019in \u00f6nc\u00fcl\u00fc\u011f\u00fcnde, toplumun her kesimine hitap eden projeler hayata ge\u00e7irilmeye devam ediyor. Belediye b\u00fcnyesindeki Kad\u0131n Eme\u011fi Tar\u0131msal \u00dcr\u00fcn Fabrikas\u0131\u2019nda kad\u0131n eme\u011fiyle \u00fcretilen y\u00f6resel g\u0131dalar ve kad\u0131n giri\u015fimciler ile kad\u0131n kooperatiflerinin \u00fcr\u00fcnlerinin sat\u0131ld\u0131\u011f\u0131 Efe Bakkallar\u2019da art\u0131k \u00c7\u00f6lyak hastalar\u0131 i\u00e7in gl\u00fctensiz \u00fcr\u00fcnler de yer al\u0131yor. Girne Mahallesi ve Kurtulu\u015f Mahallesi\u2019ndeki Efe Bakkallar, sa\u011fl\u0131kl\u0131&#8230;<\/p>\n","protected":false},"author":1,"featured_media":24129,"comment_status":"open","ping_status":"open","sticky":false,"template":"","format":"standard","meta":{"_crdt_document":"","footnotes":""},"categories":[1],"tags":[],"class_list":["post-24128","post","type-post","status-publish","format-standard","has-post-thumbnail","hentry","category-guncel"],"_links":{"self":[{"href":"https:\/\/www.egemtv.com\/index.php?rest_route=\/wp\/v2\/posts\/24128","targetHints":{"allow":["GET"]}}],"collection":[{"href":"https:\/\/www.egemtv.com\/index.php?rest_route=\/wp\/v2\/posts"}],"about":[{"href":"https:\/\/www.egemtv.com\/index.php?rest_route=\/wp\/v2\/types\/post"}],"author":[{"embeddable":true,"href":"https:\/\/www.egemtv.com\/index.php?rest_route=\/wp\/v2\/users\/1"}],"replies":[{"embeddable":true,"href":"https:\/\/www.egemtv.com\/index.php?rest_route=%2Fwp%2Fv2%2Fcomments&post=24128"}],"version-history":[{"count":1,"href":"https:\/\/www.egemtv.com\/index.php?rest_route=\/wp\/v2\/posts\/24128\/revisions"}],"predecessor-version":[{"id":24130,"href":"https:\/\/www.egemtv.com\/index.php?rest_route=\/wp\/v2\/posts\/24128\/revisions\/24130"}],"wp:featuredmedia":[{"embeddable":true,"href":"https:\/\/www.egemtv.com\/index.php?rest_route=\/wp\/v2\/media\/24129"}],"wp:attachment":[{"href":"https:\/\/www.egemtv.com\/index.php?rest_route=%2Fwp%2Fv2%2Fmedia&parent=24128"}],"wp:term":[{"taxonomy":"category","embeddable":true,"href":"https:\/\/www.egemtv.com\/index.php?rest_route=%2Fwp%2Fv2%2Fcategories&post=24128"},{"taxonomy":"post_tag","embeddable":true,"href":"https:\/\/www.egemtv.com\/index.php?rest_route=%2Fwp%2Fv2%2Ftags&post=24128"}],"curies":[{"name":"wp","href":"https:\/\/api.w.org\/{rel}","templated":true}]}}