{"id":24125,"date":"2025-03-05T16:46:52","date_gmt":"2025-03-05T13:46:52","guid":{"rendered":"https:\/\/www.egemtv.com\/?p=24125"},"modified":"2025-03-05T16:46:56","modified_gmt":"2025-03-05T13:46:56","slug":"manisadaki-okullarda-3-derste-yesilay-anlatildi","status":"publish","type":"post","link":"https:\/\/www.egemtv.com\/?p=24125","title":{"rendered":"Manisa\u2019daki okullarda 3. derste &#8220;Ye\u015filay&#8221; anlat\u0131ld\u0131"},"content":{"rendered":"<p>Manisa il genelindeki t\u00fcm okullarda 3. derste e\u015f zamanl\u0131 olarak Ye\u015filay ve &#8220;Ba\u011f\u0131ms\u0131zl\u0131k Seferberli\u011fi&#8221; mottosuyla e\u011fitim verildi.<br \/>\n<br \/>Ye\u015filay\u2019\u0131n kurulu\u015f y\u0131ld\u00f6n\u00fcm\u00fcnde Ye\u015filay Haftas\u0131 kapsam\u0131nda Manisa\u2019daki b\u00fct\u00fcn okullarda 3. ders saatinde e\u015f zamanl\u0131 olarak Ye\u015filay hakk\u0131nda bilgi verilerek, fark\u0131ndal\u0131k \u00e7al\u0131\u015fmas\u0131 yap\u0131ld\u0131. Ye\u015filay Haftas\u0131 kapsam\u0131nda \u015eehzadeler il\u00e7esinde bulunan Gediz Anadolu Lisesi\u2019nde 3. ders saatinde ger\u00e7ekle\u015ftirilen fark\u0131ndal\u0131k e\u011fitimine Ye\u015filay Manisa \u015eube Ba\u015fkan\u0131 Bar\u0131\u015f Kamilo\u011flu, Gediz Anadolu Lisesi M\u00fcd\u00fcr\u00fc Co\u015fkun Durmu\u015f ile birlikte kat\u0131ld\u0131.<br \/>\n<br \/>Okulda 3. ders saatinde &#8220;Yerelde ba\u011f\u0131ms\u0131zl\u0131k seferberli\u011fi Manisa&#8221; mottosuyla fark\u0131ndal\u0131k e\u011fitimi ger\u00e7ekle\u015ftiren Kamilo\u011flu, \u00f6\u011frencilere Ye\u015filay\u2019\u0131n 5 ayr\u0131 ba\u011f\u0131ml\u0131l\u0131k ile m\u00fccadele konular\u0131nda bilgiler verdi.<br \/>\n<br \/>Ye\u015filay Manisa \u015eube Ba\u015fkan\u0131 Kamilo\u011flu, yap\u0131lan 3. ders fark\u0131ndal\u0131k e\u011fitimi ile on binleri a\u015fan \u00f6\u011frenciye ula\u015fm\u0131\u015f olduklar\u0131n\u0131 ifade etti. Kamilo\u011flu, ayn\u0131 zamanda \u00fcniversite \u00f6\u011frencilerine y\u00f6nelik g\u00f6n\u00fcll\u00fc ekiplerinin de fark\u0131ndal\u0131k e\u011fitimlerini s\u00fcrd\u00fcrd\u00fc\u011f\u00fc ve \u00f6\u011frenciler kanal\u0131yla da ailelere de ula\u015fmay\u0131 hedeflediklerini kaydetti.<br \/>\n<br \/>Kamilo\u011flu, &#8220;Binlerce \u00f6\u011frencinin aileleriyle birlikte bir fark\u0131ndal\u0131k oldu\u011fu i\u00e7in t\u00fcm Manisa genelinde vatanda\u015flar\u0131m\u0131za ula\u015fmay\u0131 hedefliyoruz. Manisa \u00f6zelinde bir il ba\u015fkanl\u0131\u011f\u0131 olarak Ye\u015filay Dan\u0131\u015fmanl\u0131k Merkezimize (YEDAM) \u00fccretsiz olan 115 telefon numaras\u0131yla  vatanda\u015flar\u0131m\u0131za \u00fccretsiz olarak hizmet veriyoruz. T\u00fcrkiye\u2019de her ilde \u015fubemiz, baz\u0131 b\u00fcy\u00fck illerimizde YEDAM \u015fubelerimiz mevcut.&#8221; dedi.<br \/>\n<br \/>Ye\u015filay\u2019\u0131n Manisa\u2019da b\u00f6yle bir etkinli\u011fi ger\u00e7ekle\u015ftirmek i\u00e7in okullar\u0131n\u0131 se\u00e7mi\u015f olmas\u0131ndan mutlu olduklar\u0131n\u0131 ifade eden Gediz Anadolu Lisesi M\u00fcd\u00fcr\u00fc Co\u015fkun Durmu\u015f, Ye\u015filay\u2019\u0131n \u00fclkemizde ba\u011f\u0131ml\u0131l\u0131kla m\u00fccadele konusunda \u00f6nemli \u00e7al\u0131\u015fmalara imza att\u0131\u011f\u0131n\u0131 s\u00f6yledi.<br \/>\n<br \/>Yap\u0131lan konu\u015fmalar\u0131n ard\u0131ndan ba\u015fta Ye\u015filay Manisa \u015eube Ba\u015fkan\u0131 Bar\u0131\u015f Kamilo\u011flu, \u00f6\u011frencilere ba\u011f\u0131ml\u0131l\u0131klarla m\u00fccadele konular\u0131nda bilgiler vererek \u00e7al\u0131\u015fmalara destek olmalar\u0131n\u0131 istedi ve k\u0131sa tan\u0131t\u0131m filmleri izletti.<br \/>\n<br \/>Ye\u015filay\u2019\u0131n kurulu\u015f ama\u00e7lar\u0131ndan bahsederek, tamamen g\u00f6n\u00fcll\u00fcl\u00fck esas\u0131yla kamu yarar\u0131na \u00e7al\u0131\u015fan bir sivil toplum kurulu\u015fu oldu\u011funu kaydeden Ye\u015filay Manisa \u015eubesi Format\u00f6r\u00fc Uzman Psikolojik Dan\u0131\u015fman Esin T\u00fcrko\u011flu ise, &#8220;Bug\u00fcn gen\u00e7ler bu saatte b\u00fct\u00fcn Manisa\u2019n\u0131n Milli E\u011fitim\u2019e t\u00fcm okullar\u0131nda ayn\u0131 saatte T\u00fcrkiye Ba\u011f\u0131ml\u0131l\u0131kla M\u00fccadele ve Ye\u015filay Haftas\u0131 g\u00f6sterimleri yap\u0131l\u0131yor.&#8221; \u015feklinde konu\u015ftu.<br \/>\n<br \/>T\u00fcrko\u011flu, \u00f6\u011frencileri bo\u015f zamanlar\u0131n\u0131 de\u011ferlendirmek amac\u0131yla Ye\u015filay Manisa \u015eubesi b\u00fcnyesinde yer alan Ye\u015fil Kitap Kafeye davet etti.<br \/>\n<br \/>E\u011fitim sonunda Gediz Anadolu Lisesi M\u00fcd\u00fcr\u00fc Co\u015fkun Durmu\u015f taraf\u0131ndan Ye\u015filay Manisa \u015eube Ba\u015fkan\u0131 Bar\u0131\u015f Kamilo\u011flu\u2019na hediye takdim etti.<br \/><\/p>\n","protected":false},"excerpt":{"rendered":"<p>Manisa il genelindeki t\u00fcm okullarda 3. derste e\u015f zamanl\u0131 olarak Ye\u015filay ve &#8220;Ba\u011f\u0131ms\u0131zl\u0131k Seferberli\u011fi&#8221; mottosuyla e\u011fitim verildi. Ye\u015filay\u2019\u0131n kurulu\u015f y\u0131ld\u00f6n\u00fcm\u00fcnde Ye\u015filay Haftas\u0131 kapsam\u0131nda Manisa\u2019daki b\u00fct\u00fcn okullarda 3. ders saatinde e\u015f zamanl\u0131 olarak Ye\u015filay hakk\u0131nda bilgi verilerek, fark\u0131ndal\u0131k \u00e7al\u0131\u015fmas\u0131 yap\u0131ld\u0131. Ye\u015filay Haftas\u0131 kapsam\u0131nda \u015eehzadeler il\u00e7esinde bulunan Gediz Anadolu Lisesi\u2019nde 3. ders saatinde ger\u00e7ekle\u015ftirilen fark\u0131ndal\u0131k e\u011fitimine Ye\u015filay&#8230;<\/p>\n","protected":false},"author":1,"featured_media":24126,"comment_status":"open","ping_status":"open","sticky":false,"template":"","format":"standard","meta":{"_crdt_document":"","footnotes":""},"categories":[1],"tags":[],"class_list":["post-24125","post","type-post","status-publish","format-standard","has-post-thumbnail","hentry","category-guncel"],"_links":{"self":[{"href":"https:\/\/www.egemtv.com\/index.php?rest_route=\/wp\/v2\/posts\/24125","targetHints":{"allow":["GET"]}}],"collection":[{"href":"https:\/\/www.egemtv.com\/index.php?rest_route=\/wp\/v2\/posts"}],"about":[{"href":"https:\/\/www.egemtv.com\/index.php?rest_route=\/wp\/v2\/types\/post"}],"author":[{"embeddable":true,"href":"https:\/\/www.egemtv.com\/index.php?rest_route=\/wp\/v2\/users\/1"}],"replies":[{"embeddable":true,"href":"https:\/\/www.egemtv.com\/index.php?rest_route=%2Fwp%2Fv2%2Fcomments&post=24125"}],"version-history":[{"count":1,"href":"https:\/\/www.egemtv.com\/index.php?rest_route=\/wp\/v2\/posts\/24125\/revisions"}],"predecessor-version":[{"id":24127,"href":"https:\/\/www.egemtv.com\/index.php?rest_route=\/wp\/v2\/posts\/24125\/revisions\/24127"}],"wp:featuredmedia":[{"embeddable":true,"href":"https:\/\/www.egemtv.com\/index.php?rest_route=\/wp\/v2\/media\/24126"}],"wp:attachment":[{"href":"https:\/\/www.egemtv.com\/index.php?rest_route=%2Fwp%2Fv2%2Fmedia&parent=24125"}],"wp:term":[{"taxonomy":"category","embeddable":true,"href":"https:\/\/www.egemtv.com\/index.php?rest_route=%2Fwp%2Fv2%2Fcategories&post=24125"},{"taxonomy":"post_tag","embeddable":true,"href":"https:\/\/www.egemtv.com\/index.php?rest_route=%2Fwp%2Fv2%2Ftags&post=24125"}],"curies":[{"name":"wp","href":"https:\/\/api.w.org\/{rel}","templated":true}]}}