{"id":24122,"date":"2025-03-05T16:46:48","date_gmt":"2025-03-05T13:46:48","guid":{"rendered":"https:\/\/www.egemtv.com\/?p=24122"},"modified":"2025-03-05T16:46:52","modified_gmt":"2025-03-05T13:46:52","slug":"karsiyaka-spor-kulubu-dagiliyor","status":"publish","type":"post","link":"https:\/\/www.egemtv.com\/?p=24122","title":{"rendered":"Kar\u015f\u0131yaka Spor Kul\u00fcb\u00fc da\u011f\u0131l\u0131yor"},"content":{"rendered":"<p>Kar\u015f\u0131yaka Spor Kul\u00fcb\u00fc Futbol \u015eube Ba\u015fkan\u0131 Ayhan G\u00fcltekin\u2019in noter kanal\u0131yla mevcut y\u00f6netime istifas\u0131n\u0131 sundu\u011fu \u00f6\u011frenilirken, basketboldaki son iki yabanc\u0131 oyuncunun da lisans\u0131n\u0131n ask\u0131ya al\u0131nd\u0131\u011f\u0131 belirtildi.<br \/>\n<br \/>TFF 3. Lig 1. Grup ekiplerinden Kar\u015f\u0131yaka, tarihinin en zor g\u00fcnlerini ya\u015famaya devam ediyor. Sezon ba\u015f\u0131ndan beri bir\u00e7ok problemle u\u011fra\u015fan buna ra\u011fmen zirve yar\u0131\u015f\u0131ndan kopmayan ye\u015fil-k\u0131rm\u0131z\u0131l\u0131larda Futbol \u015eube Ba\u015fkanl\u0131\u011f\u0131 g\u00f6revinde bulunan Ayhan G\u00fcltekin\u2019in noter kanal\u0131yla mevcut y\u00f6netime istifas\u0131n\u0131 sundu\u011fu \u00f6\u011frenildi. Sezon ba\u015f\u0131ndan beri futbola maddi ve manevi destek veren Ayhan G\u00fcltekin\u2019in istifas\u0131 \u015fok etkisi yaparken, G\u00fcltekin\u2019in ard\u0131ndan ana y\u00f6netimde ba\u015fka istifalar\u0131nda gelmesi bekleniyor.<\/p>\n<p>Baskette kriz \u00e7\u0131kt\u0131<br \/>\n<br \/>Sezon ba\u015f\u0131nda iddial\u0131 bir kadro ile sezona ba\u015flayan ve daha sonra ya\u015fanan sponsor krizi ile da\u011f\u0131lan Kar\u015f\u0131yaka Basketbol, 7 oyuncusu ile yollar\u0131n\u0131 ay\u0131rmak zorunda kalm\u0131\u015ft\u0131. Daha sonra transfer yasa\u011f\u0131n\u0131 da kald\u0131rarak k\u00fcmede kalmak i\u00e7in \u00f6nce Roberto Gallinat, ard\u0131ndan Austin Hollins\u2019i alan Kaf-Kaf, ge\u00e7ti\u011fimiz g\u00fcnlerde yeniden transfer yasa\u011f\u0131yla kar\u015f\u0131 kar\u015f\u0131ya kald\u0131. FIBA, ya\u015fanan bu problemler sonras\u0131nda yap\u0131land\u0131r\u0131lm\u0131\u015f baz\u0131 dosyalara zaman\u0131nda \u00f6deme yap\u0131lmad\u0131\u011f\u0131 i\u00e7in Gallinat ve Hollins\u2019in lisanslar\u0131n\u0131n ask\u0131ya al\u0131nd\u0131\u011f\u0131 bildirildi. \u0130zmir ekibinin lisanslar\u0131 aktif duruma getirmesi i\u00e7in 80-100 bin Dolar aras\u0131nda bir \u00f6deme yapmas\u0131 gerekti\u011fi ifade edildi.<\/p>\n<p>Kar\u015f\u0131yaka\u2019da denetim kurulundan toplu istifa<br \/>\n<br \/>Kar\u015f\u0131yaka Spor Kul\u00fcb\u00fc\u2019nde 24 Aral\u0131k 2024 tarihinden kul\u00fcp kayyuma gitmesin diye eski ba\u015fkanlar \u0130lker Erg\u00fcll\u00fc ve Mutlu Altu\u011f\u2019un k\u0131sa s\u00fcre i\u00e7inde kurdu\u011fu liste g\u00f6reve gelmi\u015fti. Ye\u015fil-k\u0131rm\u0131z\u0131l\u0131 ekipte ya\u015fanan idari ve mali sorunlar nedeniyle \u00fcst \u00fcste y\u00f6netimde istifalar gelmeye ba\u015flad\u0131. Mevcut y\u00f6netimde denetleme kurulunda yer alan Halil Zeki Osma, Beg\u00fcm Cihan, Hatice Bayza Akboy, Erkan Y\u0131ld\u0131r\u0131m, Hakan Ye\u015filda\u011f ve Hasan Alt\u0131nyay toplu olarak istifa etti.<br \/><\/p>\n","protected":false},"excerpt":{"rendered":"<p>Kar\u015f\u0131yaka Spor Kul\u00fcb\u00fc Futbol \u015eube Ba\u015fkan\u0131 Ayhan G\u00fcltekin\u2019in noter kanal\u0131yla mevcut y\u00f6netime istifas\u0131n\u0131 sundu\u011fu \u00f6\u011frenilirken, basketboldaki son iki yabanc\u0131 oyuncunun da lisans\u0131n\u0131n ask\u0131ya al\u0131nd\u0131\u011f\u0131 belirtildi. TFF 3. Lig 1. Grup ekiplerinden Kar\u015f\u0131yaka, tarihinin en zor g\u00fcnlerini ya\u015famaya devam ediyor. Sezon ba\u015f\u0131ndan beri bir\u00e7ok problemle u\u011fra\u015fan buna ra\u011fmen zirve yar\u0131\u015f\u0131ndan kopmayan ye\u015fil-k\u0131rm\u0131z\u0131l\u0131larda Futbol \u015eube Ba\u015fkanl\u0131\u011f\u0131 g\u00f6revinde&#8230;<\/p>\n","protected":false},"author":1,"featured_media":24123,"comment_status":"open","ping_status":"open","sticky":false,"template":"","format":"standard","meta":{"_crdt_document":"","footnotes":""},"categories":[4],"tags":[],"class_list":["post-24122","post","type-post","status-publish","format-standard","has-post-thumbnail","hentry","category-spor"],"_links":{"self":[{"href":"https:\/\/www.egemtv.com\/index.php?rest_route=\/wp\/v2\/posts\/24122","targetHints":{"allow":["GET"]}}],"collection":[{"href":"https:\/\/www.egemtv.com\/index.php?rest_route=\/wp\/v2\/posts"}],"about":[{"href":"https:\/\/www.egemtv.com\/index.php?rest_route=\/wp\/v2\/types\/post"}],"author":[{"embeddable":true,"href":"https:\/\/www.egemtv.com\/index.php?rest_route=\/wp\/v2\/users\/1"}],"replies":[{"embeddable":true,"href":"https:\/\/www.egemtv.com\/index.php?rest_route=%2Fwp%2Fv2%2Fcomments&post=24122"}],"version-history":[{"count":1,"href":"https:\/\/www.egemtv.com\/index.php?rest_route=\/wp\/v2\/posts\/24122\/revisions"}],"predecessor-version":[{"id":24124,"href":"https:\/\/www.egemtv.com\/index.php?rest_route=\/wp\/v2\/posts\/24122\/revisions\/24124"}],"wp:featuredmedia":[{"embeddable":true,"href":"https:\/\/www.egemtv.com\/index.php?rest_route=\/wp\/v2\/media\/24123"}],"wp:attachment":[{"href":"https:\/\/www.egemtv.com\/index.php?rest_route=%2Fwp%2Fv2%2Fmedia&parent=24122"}],"wp:term":[{"taxonomy":"category","embeddable":true,"href":"https:\/\/www.egemtv.com\/index.php?rest_route=%2Fwp%2Fv2%2Fcategories&post=24122"},{"taxonomy":"post_tag","embeddable":true,"href":"https:\/\/www.egemtv.com\/index.php?rest_route=%2Fwp%2Fv2%2Ftags&post=24122"}],"curies":[{"name":"wp","href":"https:\/\/api.w.org\/{rel}","templated":true}]}}