{"id":24086,"date":"2025-03-05T15:29:22","date_gmt":"2025-03-05T12:29:22","guid":{"rendered":"https:\/\/www.egemtv.com\/?p=24086"},"modified":"2025-03-05T15:29:29","modified_gmt":"2025-03-05T12:29:29","slug":"yesilay-dernegi-aydin-subesinden-farkindalik-etkinligi","status":"publish","type":"post","link":"https:\/\/www.egemtv.com\/?p=24086","title":{"rendered":"Ye\u015filay Derne\u011fi Ayd\u0131n \u015eubesi\u2019nden fark\u0131ndal\u0131k etkinli\u011fi"},"content":{"rendered":"<p>Ayd\u0131n\u2019da Ye\u015filay Haftas\u0131 kapsam\u0131nda Ye\u015filay Derne\u011fi Ayd\u0131n \u015eubesi g\u00f6n\u00fcll\u00fcleri taraf\u0131ndan s\u00fcr\u00fcc\u00fclere ve yolculara bro\u015f\u00fcr da\u011f\u0131t\u0131ld\u0131.<\/p>\n<p>Ye\u015filay Derne\u011fi Ayd\u0131n \u015eubesi, Ayd\u0131n \u0130l Jandarma Komutanl\u0131\u011f\u0131 deste\u011fi ile Efeler il\u00e7esi Ser\u00e7ek\u00f6y uygulama noktas\u0131nda fark\u0131ndal\u0131k etkinli\u011fi yap\u0131ld\u0131. Ayd\u0131n Adnan Menderes \u00dcniversitesi \u00f6\u011frencilerinden olu\u015fan g\u00f6n\u00fcll\u00fcler ve Ye\u015filay Derne\u011fi Ayd\u0131n \u015eubesi Ba\u015fkan\u0131 Sencer G\u00fcnd\u00fcz, uygulama noktas\u0131nda jandarma taraf\u0131ndan durdurulan ara\u00e7lar\u0131n s\u00fcr\u00fcc\u00fclerine ve yolcular\u0131na bilgilendirme yap\u0131l\u0131p bro\u015f\u00fcr da\u011f\u0131t\u0131ld\u0131. Etkinlikte ba\u011f\u0131ml\u0131l\u0131kla m\u00fccadelenin \u00f6nemine dikkat \u00e7ekti.<\/p>\n<p>Ye\u015filay Derne\u011fi Ayd\u0131n \u015eubesi Ba\u015fkan\u0131 Sencer G\u00fcnd\u00fcz, &#8220;Ye\u015filay\u2019\u0131m\u0131z 105. ya\u015f\u0131nda. 1-7 Mart Ye\u015filay Haftas\u0131 kapsam\u0131nda fark\u0131ndal\u0131k olu\u015fturmak istedik. Adnan Menderes \u00dcniversitesi\u2019ndeki g\u00f6n\u00fcll\u00fc \u00f6\u011frencilerimizle birlikte uygulama noktas\u0131nda ara\u00e7 s\u00fcr\u00fcc\u00fclerini ve yolcular\u0131 bilgilendirdik. Ba\u011f\u0131ml\u0131l\u0131kla m\u00fccadelede desteklerini istedik. Ara\u00e7 s\u00fcr\u00fcc\u00fclerine bilgilendirici bro\u015f\u00fcrler ve hediyeler de verdik. Ba\u011f\u0131ml\u0131l\u0131kla m\u00fccadele de herkesin deste\u011fini bekliyoruz&#8221; dedi.<br \/><\/p>\n","protected":false},"excerpt":{"rendered":"<p>Ayd\u0131n\u2019da Ye\u015filay Haftas\u0131 kapsam\u0131nda Ye\u015filay Derne\u011fi Ayd\u0131n \u015eubesi g\u00f6n\u00fcll\u00fcleri taraf\u0131ndan s\u00fcr\u00fcc\u00fclere ve yolculara bro\u015f\u00fcr da\u011f\u0131t\u0131ld\u0131. Ye\u015filay Derne\u011fi Ayd\u0131n \u015eubesi, Ayd\u0131n \u0130l Jandarma Komutanl\u0131\u011f\u0131 deste\u011fi ile Efeler il\u00e7esi Ser\u00e7ek\u00f6y uygulama noktas\u0131nda fark\u0131ndal\u0131k etkinli\u011fi yap\u0131ld\u0131. Ayd\u0131n Adnan Menderes \u00dcniversitesi \u00f6\u011frencilerinden olu\u015fan g\u00f6n\u00fcll\u00fcler ve Ye\u015filay Derne\u011fi Ayd\u0131n \u015eubesi Ba\u015fkan\u0131 Sencer G\u00fcnd\u00fcz, uygulama noktas\u0131nda jandarma taraf\u0131ndan durdurulan ara\u00e7lar\u0131n s\u00fcr\u00fcc\u00fclerine&#8230;<\/p>\n","protected":false},"author":1,"featured_media":24087,"comment_status":"open","ping_status":"open","sticky":false,"template":"","format":"standard","meta":{"_crdt_document":"","footnotes":""},"categories":[1],"tags":[],"class_list":["post-24086","post","type-post","status-publish","format-standard","has-post-thumbnail","hentry","category-guncel"],"_links":{"self":[{"href":"https:\/\/www.egemtv.com\/index.php?rest_route=\/wp\/v2\/posts\/24086","targetHints":{"allow":["GET"]}}],"collection":[{"href":"https:\/\/www.egemtv.com\/index.php?rest_route=\/wp\/v2\/posts"}],"about":[{"href":"https:\/\/www.egemtv.com\/index.php?rest_route=\/wp\/v2\/types\/post"}],"author":[{"embeddable":true,"href":"https:\/\/www.egemtv.com\/index.php?rest_route=\/wp\/v2\/users\/1"}],"replies":[{"embeddable":true,"href":"https:\/\/www.egemtv.com\/index.php?rest_route=%2Fwp%2Fv2%2Fcomments&post=24086"}],"version-history":[{"count":1,"href":"https:\/\/www.egemtv.com\/index.php?rest_route=\/wp\/v2\/posts\/24086\/revisions"}],"predecessor-version":[{"id":24088,"href":"https:\/\/www.egemtv.com\/index.php?rest_route=\/wp\/v2\/posts\/24086\/revisions\/24088"}],"wp:featuredmedia":[{"embeddable":true,"href":"https:\/\/www.egemtv.com\/index.php?rest_route=\/wp\/v2\/media\/24087"}],"wp:attachment":[{"href":"https:\/\/www.egemtv.com\/index.php?rest_route=%2Fwp%2Fv2%2Fmedia&parent=24086"}],"wp:term":[{"taxonomy":"category","embeddable":true,"href":"https:\/\/www.egemtv.com\/index.php?rest_route=%2Fwp%2Fv2%2Fcategories&post=24086"},{"taxonomy":"post_tag","embeddable":true,"href":"https:\/\/www.egemtv.com\/index.php?rest_route=%2Fwp%2Fv2%2Ftags&post=24086"}],"curies":[{"name":"wp","href":"https:\/\/api.w.org\/{rel}","templated":true}]}}