{"id":24083,"date":"2025-03-05T15:29:10","date_gmt":"2025-03-05T12:29:10","guid":{"rendered":"https:\/\/www.egemtv.com\/?p=24083"},"modified":"2025-03-05T15:29:21","modified_gmt":"2025-03-05T12:29:21","slug":"marmariste-8-marta-ozel-etkinlik","status":"publish","type":"post","link":"https:\/\/www.egemtv.com\/?p=24083","title":{"rendered":"Marmaris\u2019te 8 Mart\u2019a \u00f6zel etkinlik"},"content":{"rendered":"<p>Marmaris Belediyesi, 8 Mart D\u00fcnya Emek\u00e7i Kad\u0131nlar G\u00fcn\u00fc\u2019ne \u00f6zel bir program haz\u0131rlad\u0131.<br \/>\n<br \/>Marmaris Belediyesi, 8 Mart D\u00fcnya Emek\u00e7i Kad\u0131nlar G\u00fcn\u00fc\u2019ne \u00f6zel dolu dolu bir program haz\u0131rlad\u0131. Bisiklet turundan fidan dikimine, panay\u0131rdan \u00fccretsiz y\u00fczmeye kadar bir\u00e7ok faaliyetin yer ald\u0131\u011f\u0131 etkinlikle Kad\u0131nlar G\u00fcn\u00fc kutlanacak.<br \/>\n<br \/>8 Mart D\u00fcnya Emek\u00e7i Kad\u0131nlar G\u00fcn\u00fc etkinlikleri kapsam\u0131nda ilk olarak bisiklet turu d\u00fczenlenecek. 8 Mart ve kad\u0131n m\u00fccadelesine destek vermek amac\u0131yla mor renge boyanan bisikletlerin de kat\u0131laca\u011f\u0131 etkinlik saat 10.00\u2019da ba\u015flayacak. \u2018E\u015fitli\u011fe pedal \u00e7eviriyoruz\u2019 slogan\u0131yla vatanda\u015flara da \u2018bisikletini al etkinli\u011fe kat\u0131l\u2019 \u00e7a\u011fr\u0131s\u0131n\u0131n yap\u0131ld\u0131\u011f\u0131 bisiklet turu 19 May\u0131s Gen\u00e7lik Meydan\u0131\u2019nda sona erecek.<br \/>\n<br \/>Sadece kad\u0131nlar\u0131n el eme\u011fi g\u00f6z nuru \u00fcr\u00fcnlerini sergileyecekleri Kad\u0131n Eme\u011fi Panay\u0131r\u0131\u2019n\u0131n a\u00e7\u0131l\u0131\u015f\u0131 yap\u0131lacak. A\u00e7\u0131l\u0131\u015f\u0131nda kad\u0131nlar\u0131n zeybek g\u00f6sterisi yapaca\u011f\u0131 ve MARFOD \u00fcyelerinin Kad\u0131nlar G\u00fcn\u00fc\u2019ne \u00f6zel bir sergi a\u00e7aca\u011f\u0131 panay\u0131r 3 g\u00fcn a\u00e7\u0131k kalacak.<br \/>\n<br \/>Buradaki a\u00e7\u0131l\u0131\u015f\u0131n ard\u0131ndan ise Camiavlu Mahallesi\u2019nde zeytin fidan\u0131 dikimi ger\u00e7ekle\u015fecek. &#8220;T\u0131pk\u0131 bir zeytin a\u011fac\u0131 gibi ya\u015famay\u0131 ciddiye alan, k\u00f6k salan ve yar\u0131nlara inanan t\u00fcm kad\u0131nlar i\u00e7in bulu\u015fal\u0131m&#8221; slogan\u0131yla yap\u0131lan fidan dikimi Bayram Ali Y\u0131lmaz Cami k\u00f6\u015fesindeki alanda olacak.<br \/>\n<br \/>\u00d6te yandan 8 Mart D\u00fcnya Emek\u00e7i Kad\u0131nlar G\u00fcn\u00fc dolay\u0131s\u0131yla belediyenin y\u00fczme havuzu 14.00-16.00 saatleri aras\u0131nda y\u00fczme bilen kad\u0131nlara \u00fccretsiz olarak a\u00e7\u0131k olacak. Marmaris Y\u0131ld\u0131zlar\u0131 Gen\u00e7lik ve Spor Kul\u00fcb\u00fc ile Marmaris Akademi Gen\u00e7lik ve Spor Kul\u00fcb\u00fc i\u015fbirli\u011fiyle yap\u0131lacak etkinlikte iki kul\u00fcb\u00fcn hocalar\u0131 da yer alacak.<br \/>\n<br \/>Etkinliklere t\u00fcm kad\u0131nlar\u0131 davet eden Marmaris Belediye Ba\u015fkan\u0131 Acar \u00dcnl\u00fc, &#8220;8 Mart gibi kad\u0131n m\u00fccadelesinin simgesi olan bir g\u00fcn\u00fc hep birlikte dayan\u0131\u015fmayla kutlamak ve fark\u0131ndal\u0131\u011f\u0131 daha da artt\u0131rmak i\u00e7in herkesi etkinliklerimize bekliyoruz&#8221; dedi.<br \/><\/p>\n","protected":false},"excerpt":{"rendered":"<p>Marmaris Belediyesi, 8 Mart D\u00fcnya Emek\u00e7i Kad\u0131nlar G\u00fcn\u00fc\u2019ne \u00f6zel bir program haz\u0131rlad\u0131. Marmaris Belediyesi, 8 Mart D\u00fcnya Emek\u00e7i Kad\u0131nlar G\u00fcn\u00fc\u2019ne \u00f6zel dolu dolu bir program haz\u0131rlad\u0131. Bisiklet turundan fidan dikimine, panay\u0131rdan \u00fccretsiz y\u00fczmeye kadar bir\u00e7ok faaliyetin yer ald\u0131\u011f\u0131 etkinlikle Kad\u0131nlar G\u00fcn\u00fc kutlanacak. 8 Mart D\u00fcnya Emek\u00e7i Kad\u0131nlar G\u00fcn\u00fc etkinlikleri kapsam\u0131nda ilk olarak bisiklet turu d\u00fczenlenecek&#8230;.<\/p>\n","protected":false},"author":1,"featured_media":24084,"comment_status":"open","ping_status":"open","sticky":false,"template":"","format":"standard","meta":{"_crdt_document":"","footnotes":""},"categories":[1],"tags":[],"class_list":["post-24083","post","type-post","status-publish","format-standard","has-post-thumbnail","hentry","category-guncel"],"_links":{"self":[{"href":"https:\/\/www.egemtv.com\/index.php?rest_route=\/wp\/v2\/posts\/24083","targetHints":{"allow":["GET"]}}],"collection":[{"href":"https:\/\/www.egemtv.com\/index.php?rest_route=\/wp\/v2\/posts"}],"about":[{"href":"https:\/\/www.egemtv.com\/index.php?rest_route=\/wp\/v2\/types\/post"}],"author":[{"embeddable":true,"href":"https:\/\/www.egemtv.com\/index.php?rest_route=\/wp\/v2\/users\/1"}],"replies":[{"embeddable":true,"href":"https:\/\/www.egemtv.com\/index.php?rest_route=%2Fwp%2Fv2%2Fcomments&post=24083"}],"version-history":[{"count":1,"href":"https:\/\/www.egemtv.com\/index.php?rest_route=\/wp\/v2\/posts\/24083\/revisions"}],"predecessor-version":[{"id":24085,"href":"https:\/\/www.egemtv.com\/index.php?rest_route=\/wp\/v2\/posts\/24083\/revisions\/24085"}],"wp:featuredmedia":[{"embeddable":true,"href":"https:\/\/www.egemtv.com\/index.php?rest_route=\/wp\/v2\/media\/24084"}],"wp:attachment":[{"href":"https:\/\/www.egemtv.com\/index.php?rest_route=%2Fwp%2Fv2%2Fmedia&parent=24083"}],"wp:term":[{"taxonomy":"category","embeddable":true,"href":"https:\/\/www.egemtv.com\/index.php?rest_route=%2Fwp%2Fv2%2Fcategories&post=24083"},{"taxonomy":"post_tag","embeddable":true,"href":"https:\/\/www.egemtv.com\/index.php?rest_route=%2Fwp%2Fv2%2Ftags&post=24083"}],"curies":[{"name":"wp","href":"https:\/\/api.w.org\/{rel}","templated":true}]}}