{"id":24080,"date":"2025-03-05T15:29:02","date_gmt":"2025-03-05T12:29:02","guid":{"rendered":"https:\/\/www.egemtv.com\/?p=24080"},"modified":"2025-03-05T15:29:09","modified_gmt":"2025-03-05T12:29:09","slug":"otomobille-carpisan-elektrikli-bisikletin-13-yasindaki-surucusu-ve-arkadasi-yaralandi","status":"publish","type":"post","link":"https:\/\/www.egemtv.com\/?p=24080","title":{"rendered":"Otomobille \u00e7arp\u0131\u015fan elektrikli bisikletin 13 ya\u015f\u0131ndaki s\u00fcr\u00fcc\u00fcs\u00fc ve arkada\u015f\u0131 yaraland\u0131"},"content":{"rendered":"<p>Isparta\u2019n\u0131n Yalva\u00e7 il\u00e7esinde 13 ya\u015f\u0131ndaki \u00e7ocu\u011fun kulland\u0131\u011f\u0131 elektrikli bisiklet otomobille \u00e7arp\u0131\u015ft\u0131. Kazada savrularak kafas\u0131 otomobilin \u00f6n cam\u0131na \u00e7arpan \u00e7ocuk ve arkas\u0131ndaki arkada\u015f\u0131 yaraland\u0131.<br \/>\n<br \/>Kaza, saat 13.10 s\u0131ralar\u0131nda Yalva\u00e7 il\u00e7esi Ba\u011flar Mahallesi\u2019nde meydana geldi. Edinilen bilgilere g\u00f6re, F.\u00d6. (13) arkada\u015f\u0131 S.N.E. (13) ile okula giderken kulland\u0131\u011f\u0131 elektrikli bisiklet, Abdullah H.A. y\u00f6netimindeki 32 MA 2074 plakal\u0131 Fiat marka otomobille \u00e7arp\u0131\u015ft\u0131. \u00c7arp\u0131\u015fman\u0131n etkisiyle savrulan F.\u00d6. adl\u0131 k\u0131z \u00e7ocu\u011funun kafas\u0131 otomobilin \u00f6n cam\u0131na \u00e7arpt\u0131. Kazada s\u00fcr\u00fcc\u00fc F.\u00d6. ve arkada\u015f\u0131 S.N.E. yaraland\u0131. \u00c7evredekilerin ihbar\u0131 \u00fczerine olay yerine polis ve sa\u011fl\u0131k ekipleri sevk edildi. Sa\u011fl\u0131k ekiplerinin ilk m\u00fcdahaleyi yapt\u0131\u011f\u0131 yaral\u0131lar ambulansla hastaneye kald\u0131r\u0131l\u0131rken, kazayla ilgili inceleme ba\u015flat\u0131ld\u0131.<br \/><\/p>\n","protected":false},"excerpt":{"rendered":"<p>Isparta\u2019n\u0131n Yalva\u00e7 il\u00e7esinde 13 ya\u015f\u0131ndaki \u00e7ocu\u011fun kulland\u0131\u011f\u0131 elektrikli bisiklet otomobille \u00e7arp\u0131\u015ft\u0131. Kazada savrularak kafas\u0131 otomobilin \u00f6n cam\u0131na \u00e7arpan \u00e7ocuk ve arkas\u0131ndaki arkada\u015f\u0131 yaraland\u0131. Kaza, saat 13.10 s\u0131ralar\u0131nda Yalva\u00e7 il\u00e7esi Ba\u011flar Mahallesi\u2019nde meydana geldi. Edinilen bilgilere g\u00f6re, F.\u00d6. (13) arkada\u015f\u0131 S.N.E. (13) ile okula giderken kulland\u0131\u011f\u0131 elektrikli bisiklet, Abdullah H.A. y\u00f6netimindeki 32 MA 2074 plakal\u0131 Fiat&#8230;<\/p>\n","protected":false},"author":1,"featured_media":24081,"comment_status":"open","ping_status":"open","sticky":false,"template":"","format":"standard","meta":{"_crdt_document":"","footnotes":""},"categories":[5],"tags":[],"class_list":["post-24080","post","type-post","status-publish","format-standard","has-post-thumbnail","hentry","category-asayis"],"_links":{"self":[{"href":"https:\/\/www.egemtv.com\/index.php?rest_route=\/wp\/v2\/posts\/24080","targetHints":{"allow":["GET"]}}],"collection":[{"href":"https:\/\/www.egemtv.com\/index.php?rest_route=\/wp\/v2\/posts"}],"about":[{"href":"https:\/\/www.egemtv.com\/index.php?rest_route=\/wp\/v2\/types\/post"}],"author":[{"embeddable":true,"href":"https:\/\/www.egemtv.com\/index.php?rest_route=\/wp\/v2\/users\/1"}],"replies":[{"embeddable":true,"href":"https:\/\/www.egemtv.com\/index.php?rest_route=%2Fwp%2Fv2%2Fcomments&post=24080"}],"version-history":[{"count":1,"href":"https:\/\/www.egemtv.com\/index.php?rest_route=\/wp\/v2\/posts\/24080\/revisions"}],"predecessor-version":[{"id":24082,"href":"https:\/\/www.egemtv.com\/index.php?rest_route=\/wp\/v2\/posts\/24080\/revisions\/24082"}],"wp:featuredmedia":[{"embeddable":true,"href":"https:\/\/www.egemtv.com\/index.php?rest_route=\/wp\/v2\/media\/24081"}],"wp:attachment":[{"href":"https:\/\/www.egemtv.com\/index.php?rest_route=%2Fwp%2Fv2%2Fmedia&parent=24080"}],"wp:term":[{"taxonomy":"category","embeddable":true,"href":"https:\/\/www.egemtv.com\/index.php?rest_route=%2Fwp%2Fv2%2Fcategories&post=24080"},{"taxonomy":"post_tag","embeddable":true,"href":"https:\/\/www.egemtv.com\/index.php?rest_route=%2Fwp%2Fv2%2Ftags&post=24080"}],"curies":[{"name":"wp","href":"https:\/\/api.w.org\/{rel}","templated":true}]}}