{"id":23870,"date":"2025-03-04T18:28:28","date_gmt":"2025-03-04T15:28:28","guid":{"rendered":"https:\/\/www.egemtv.com\/?p=23870"},"modified":"2025-03-04T18:28:32","modified_gmt":"2025-03-04T15:28:32","slug":"kusadasinda-kadinlar-denizi-mahalleside-detayli-temizlik-calismasi","status":"publish","type":"post","link":"https:\/\/www.egemtv.com\/?p=23870","title":{"rendered":"Ku\u015fadas\u0131\u2019nda Kad\u0131nlar Denizi Mahallesi\u2019de detayl\u0131 temizlik \u00e7al\u0131\u015fmas\u0131"},"content":{"rendered":"<p>Ku\u015fadas\u0131 Belediyesi, kentin kamusal alanlar\u0131nda y\u00fcr\u00fctt\u00fc\u011f\u00fc detayl\u0131 temizlik ve hijyen \u00e7al\u0131\u015fmalar\u0131 ile toplum ve \u00e7evre sa\u011fl\u0131\u011f\u0131n\u0131 korumay\u0131 s\u00fcrd\u00fcr\u00fcyor. 7 g\u00fcn 24 saat esas\u0131na g\u00f6re 3 vardiya halinde mesai yapan Temizlik \u0130\u015fleri M\u00fcd\u00fcrl\u00fc\u011f\u00fc ekipleri, rutin temizlik \u00e7al\u0131\u015fmalar\u0131n\u0131n yan\u0131 s\u0131ra mahalleleri dip k\u00f6\u015fe temizliyor.<\/p>\n<p>Ku\u015fadas\u0131 Belediyesi ekipleri taraf\u0131ndan y\u00fcr\u00fct\u00fclen detayl\u0131 \u00e7al\u0131\u015fmalar\u0131n son adresi Kad\u0131nlar Denizi Mahallesi oldu. 584 Sokak\u2019la ba\u015flayan \u00e7al\u0131\u015fma kapsam\u0131nda yollar s\u00fcp\u00fcr\u00fcl\u00fcp y\u0131kan\u0131rken, \u00e7\u00f6p konteynerleri ve sepetleri ile park ve ye\u015fil alanlarda bulunan oturma ve oyun gruplar\u0131 \u00f6zel sol\u00fcsyonlarla dezenfekte edildi. Yol kenarlar\u0131nda olu\u015fan yabani otlar\u0131 bi\u00e7en ekipler, gerekli a\u011fa\u00e7 budamalar\u0131n\u0131 da ger\u00e7ekle\u015ftirdi. Ku\u015fadas\u0131 Belediyesi\u2019nin \u00f6zenli \u00e7al\u0131\u015fmalar\u0131n\u0131 memnuniyetle kar\u015f\u0131layan mahalle sakinleri Ba\u015fkan \u00d6mer G\u00fcnel\u2019e te\u015fekk\u00fcr etti.<br \/><\/p>\n","protected":false},"excerpt":{"rendered":"<p>Ku\u015fadas\u0131 Belediyesi, kentin kamusal alanlar\u0131nda y\u00fcr\u00fctt\u00fc\u011f\u00fc detayl\u0131 temizlik ve hijyen \u00e7al\u0131\u015fmalar\u0131 ile toplum ve \u00e7evre sa\u011fl\u0131\u011f\u0131n\u0131 korumay\u0131 s\u00fcrd\u00fcr\u00fcyor. 7 g\u00fcn 24 saat esas\u0131na g\u00f6re 3 vardiya halinde mesai yapan Temizlik \u0130\u015fleri M\u00fcd\u00fcrl\u00fc\u011f\u00fc ekipleri, rutin temizlik \u00e7al\u0131\u015fmalar\u0131n\u0131n yan\u0131 s\u0131ra mahalleleri dip k\u00f6\u015fe temizliyor. Ku\u015fadas\u0131 Belediyesi ekipleri taraf\u0131ndan y\u00fcr\u00fct\u00fclen detayl\u0131 \u00e7al\u0131\u015fmalar\u0131n son adresi Kad\u0131nlar Denizi Mahallesi oldu&#8230;.<\/p>\n","protected":false},"author":1,"featured_media":23871,"comment_status":"open","ping_status":"open","sticky":false,"template":"","format":"standard","meta":{"_crdt_document":"","footnotes":""},"categories":[1],"tags":[],"class_list":["post-23870","post","type-post","status-publish","format-standard","has-post-thumbnail","hentry","category-guncel"],"_links":{"self":[{"href":"https:\/\/www.egemtv.com\/index.php?rest_route=\/wp\/v2\/posts\/23870","targetHints":{"allow":["GET"]}}],"collection":[{"href":"https:\/\/www.egemtv.com\/index.php?rest_route=\/wp\/v2\/posts"}],"about":[{"href":"https:\/\/www.egemtv.com\/index.php?rest_route=\/wp\/v2\/types\/post"}],"author":[{"embeddable":true,"href":"https:\/\/www.egemtv.com\/index.php?rest_route=\/wp\/v2\/users\/1"}],"replies":[{"embeddable":true,"href":"https:\/\/www.egemtv.com\/index.php?rest_route=%2Fwp%2Fv2%2Fcomments&post=23870"}],"version-history":[{"count":1,"href":"https:\/\/www.egemtv.com\/index.php?rest_route=\/wp\/v2\/posts\/23870\/revisions"}],"predecessor-version":[{"id":23872,"href":"https:\/\/www.egemtv.com\/index.php?rest_route=\/wp\/v2\/posts\/23870\/revisions\/23872"}],"wp:featuredmedia":[{"embeddable":true,"href":"https:\/\/www.egemtv.com\/index.php?rest_route=\/wp\/v2\/media\/23871"}],"wp:attachment":[{"href":"https:\/\/www.egemtv.com\/index.php?rest_route=%2Fwp%2Fv2%2Fmedia&parent=23870"}],"wp:term":[{"taxonomy":"category","embeddable":true,"href":"https:\/\/www.egemtv.com\/index.php?rest_route=%2Fwp%2Fv2%2Fcategories&post=23870"},{"taxonomy":"post_tag","embeddable":true,"href":"https:\/\/www.egemtv.com\/index.php?rest_route=%2Fwp%2Fv2%2Ftags&post=23870"}],"curies":[{"name":"wp","href":"https:\/\/api.w.org\/{rel}","templated":true}]}}