{"id":23867,"date":"2025-03-04T18:28:24","date_gmt":"2025-03-04T15:28:24","guid":{"rendered":"https:\/\/www.egemtv.com\/?p=23867"},"modified":"2025-03-04T18:28:28","modified_gmt":"2025-03-04T15:28:28","slug":"trendyol-1-lig-manisa-fk-0-igdir-fk-1","status":"publish","type":"post","link":"https:\/\/www.egemtv.com\/?p=23867","title":{"rendered":"Trendyol 1. Lig: Manisa FK: 0 &#8211; I\u011fd\u0131r FK: 1"},"content":{"rendered":"<p>Trendyol 1. Lig 28. haftas\u0131nda Manisa FK, konuk etti\u011fi I\u011fd\u0131r FK\u2019ya 1-0 ma\u011flup oldu.<\/p>\n<p>Ma\u00e7tan dakikalar<br \/>\n<br \/>12. dakikada I\u011fd\u0131r FK\u2019da Ali\u2019nin sa\u011f kanattan kulland\u0131\u011f\u0131 korner vuru\u015funda do\u011frudan kaleye giden topu \u00f6n direkte kaleci Alperen, iki hamlede kontrol etti.<br \/>\n<br \/>18. dakikada I\u011fd\u0131r FK ata\u011f\u0131nda ceza sahas\u0131 i\u00e7i sa\u011f \u00e7aprazda topla bulu\u015fan Bruno\u2019nun \u015futunda me\u015fin yuvarlak \u00fcst dire\u011fe \u00e7arparak oyun alan\u0131na geri d\u00f6nd\u00fc. Manisa FK savunmas\u0131n\u0131n uzakla\u015ft\u0131rmak istedi\u011fi top ceza sahas\u0131 d\u0131\u015f\u0131 sa\u011f \u00e7aprazda Serkan\u2019\u0131n \u00f6n\u00fcnde kald\u0131. Bu oyuncunun yerden sert vuru\u015funda kaleci Alperen\u2019in m\u00fcdahalesi sonras\u0131 top bir kez daha dire\u011fe \u00e7arparak, tehlike b\u00f6lgesinden uzakla\u015ft\u0131.<br \/>\n<br \/>32. dakikada ceza sahas\u0131 i\u00e7i sa\u011f \u00e7aprazda topla bulu\u015fan G\u00f6kcan\u2019\u0131n kaleci Alperen ile kar\u015f\u0131 kar\u015f\u0131ya kald\u0131\u011f\u0131 pozisyonda, son anda araya giren Manisa FK savunmas\u0131 mutlak gol\u00fc \u00f6nledi.<br \/>\n<br \/>43. dakikada ceza sahas\u0131 i\u00e7i sa\u011f \u00e7aprazda topla bulu\u015fan Diallo\u2019nun rakibinden s\u0131yr\u0131ld\u0131ktan sonra dar a\u00e7\u0131dan sert vuru\u015funda kaleci Bahad\u0131r, son anda me\u015fin yuvarla\u011f\u0131 kornere tokatlad\u0131.<br \/>\n<br \/>71. dakikada sa\u011f kanatta O\u011fuz\u2019un kale \u00f6n\u00fcne g\u00f6nderdi\u011fi me\u015fin yuvarlak Muhammed\u2019in diziyle dokunmas\u0131yla yandan auta \u00e7\u0131kt\u0131.<br \/>\n<br \/>74. dakikada sol kanatta topu alan Regattin, topu penalt\u0131 noktas\u0131na do\u011fru g\u00f6nderdi. Manisa FK savunmas\u0131ndan seken top, ceza sahas\u0131 i\u00e7i sol \u00e7aprazda Muammer\u2019in \u00f6n\u00fcnde kald\u0131. Muammer\u2019in sa\u011f aya\u011f\u0131yla yerden ayak i\u00e7iyle yapt\u0131\u011f\u0131 vuru\u015fta top filelerle bulu\u015ftu. 0-1<\/p>\n<p>Hakemler: Turgut Doman, Mehmet Ali Vardar, R\u00fc\u015ft\u00fc Muhammed Orcan<br \/>\n<br \/>Manisa FK: Alperen Uysal, Yusuf Talum, Bartu G\u00f6\u00e7men, Ensar Akg\u00fcn (Efe Taylan Altunkara dk. 80), Umut Erdem, Cissokho (Minchev dk. 80), Arslanagic, Kadir Kaan Yurdakul (Ramirez dk. 80), O\u011fuz G\u00fcrbulak, Diallo, Muhammed Kiprit (Kerem Ar\u0131k dk. 76)<br \/>\n<br \/>Yedekler: Samet Karabatak, Ada \u0130bik, Mustafa Erkasap, Birkan Y\u0131lmaz, Oktay G\u00fcrdal, Toure<br \/>\n<br \/>Teknik Direkt\u00f6r: Hakan \u015eap\u00e7\u0131<br \/>\n<br \/>I\u011fd\u0131r FK: Bahad\u0131r G\u00fcng\u00f6rd\u00fc, Serkan Asan, Antoine Conte, Alim \u00d6zt\u00fcrk, Ali Ya\u015far, Mert \u00c7\u00f6lge\u00e7en (Muammer Sar\u0131kaya dk. 60), G\u00f6kcan Kaya, Avramoski (Regattin dk.60), Eysseric (Burak dk.88), Ahmet Engin (Valon Ethemi dk. 61), Bruno (Thuram dk. 89)<br \/>\n<br \/>Yedekler: Furkan K\u00f6se, Alperen Selvi, Aly Malle, Caner Cavlan, Semih Aky\u0131ld\u0131z<br \/>\n<br \/>Teknik Direkt\u00f6r: \u00c7a\u011fda\u015f \u00c7avu\u015f<br \/>\n<br \/>Gol: Muammer (I\u011fd\u0131r FK)<br \/>\n<br \/>Sar\u0131 kart: Cissokho (Manisa FK)<br \/><\/p>\n","protected":false},"excerpt":{"rendered":"<p>Trendyol 1. Lig 28. haftas\u0131nda Manisa FK, konuk etti\u011fi I\u011fd\u0131r FK\u2019ya 1-0 ma\u011flup oldu. Ma\u00e7tan dakikalar 12. dakikada I\u011fd\u0131r FK\u2019da Ali\u2019nin sa\u011f kanattan kulland\u0131\u011f\u0131 korner vuru\u015funda do\u011frudan kaleye giden topu \u00f6n direkte kaleci Alperen, iki hamlede kontrol etti. 18. dakikada I\u011fd\u0131r FK ata\u011f\u0131nda ceza sahas\u0131 i\u00e7i sa\u011f \u00e7aprazda topla bulu\u015fan Bruno\u2019nun \u015futunda me\u015fin yuvarlak \u00fcst&#8230;<\/p>\n","protected":false},"author":1,"featured_media":23868,"comment_status":"open","ping_status":"open","sticky":false,"template":"","format":"standard","meta":{"_crdt_document":"","footnotes":""},"categories":[4],"tags":[],"class_list":["post-23867","post","type-post","status-publish","format-standard","has-post-thumbnail","hentry","category-spor"],"_links":{"self":[{"href":"https:\/\/www.egemtv.com\/index.php?rest_route=\/wp\/v2\/posts\/23867","targetHints":{"allow":["GET"]}}],"collection":[{"href":"https:\/\/www.egemtv.com\/index.php?rest_route=\/wp\/v2\/posts"}],"about":[{"href":"https:\/\/www.egemtv.com\/index.php?rest_route=\/wp\/v2\/types\/post"}],"author":[{"embeddable":true,"href":"https:\/\/www.egemtv.com\/index.php?rest_route=\/wp\/v2\/users\/1"}],"replies":[{"embeddable":true,"href":"https:\/\/www.egemtv.com\/index.php?rest_route=%2Fwp%2Fv2%2Fcomments&post=23867"}],"version-history":[{"count":1,"href":"https:\/\/www.egemtv.com\/index.php?rest_route=\/wp\/v2\/posts\/23867\/revisions"}],"predecessor-version":[{"id":23869,"href":"https:\/\/www.egemtv.com\/index.php?rest_route=\/wp\/v2\/posts\/23867\/revisions\/23869"}],"wp:featuredmedia":[{"embeddable":true,"href":"https:\/\/www.egemtv.com\/index.php?rest_route=\/wp\/v2\/media\/23868"}],"wp:attachment":[{"href":"https:\/\/www.egemtv.com\/index.php?rest_route=%2Fwp%2Fv2%2Fmedia&parent=23867"}],"wp:term":[{"taxonomy":"category","embeddable":true,"href":"https:\/\/www.egemtv.com\/index.php?rest_route=%2Fwp%2Fv2%2Fcategories&post=23867"},{"taxonomy":"post_tag","embeddable":true,"href":"https:\/\/www.egemtv.com\/index.php?rest_route=%2Fwp%2Fv2%2Ftags&post=23867"}],"curies":[{"name":"wp","href":"https:\/\/api.w.org\/{rel}","templated":true}]}}