{"id":23864,"date":"2025-03-04T18:28:19","date_gmt":"2025-03-04T15:28:19","guid":{"rendered":"https:\/\/www.egemtv.com\/?p=23864"},"modified":"2025-03-04T18:28:24","modified_gmt":"2025-03-04T15:28:24","slug":"turgutluda-otomobil-ile-motosiklet-carpisti-2-yarali","status":"publish","type":"post","link":"https:\/\/www.egemtv.com\/?p=23864","title":{"rendered":"Turgutlu\u2019da otomobil ile motosiklet \u00e7arp\u0131\u015ft\u0131: 2 yaral\u0131"},"content":{"rendered":"<p>Manisa\u2019n\u0131n Turgutlu il\u00e7esinde otomobil ile motosikletin \u00e7arp\u0131\u015fmas\u0131 sonucu meydana gelen trafik kazas\u0131nda 2 ki\u015fi yaraland\u0131.<br \/>\n<br \/>Kaza, Turgutlu il\u00e7esi Ko\u015fu K\u0131r\u0131 mevkii eski Manisa yolu \u00fczerinde meydana geldi. Turgutlu istikametine do\u011fru seyir halinde bulunan N.D. idaresindeki 45 ND 451 plakal\u0131 otomobil ile ayn\u0131 y\u00f6nde ilerleyen U\u011fur M. idaresindeki 45 AKR 632 plakal\u0131 motosiklet \u00e7arp\u0131\u015ft\u0131. Kaza sonras\u0131 motosiklet s\u00fcr\u00fcc\u00fcs\u00fc ve arkas\u0131ndaki yolcu yola savruldu. \u0130hbar \u00fczerine olay yerine sa\u011fl\u0131k ve polis ekipleri sevk edilirken, kazada yaralanan U\u011fur M. ile motosiklette yolcu konumundaki Kemal A. ambulanslar ile Turgutlu Devlet Hastanesine sevk edildi. Kazayla ilgili soru\u015fturma ba\u015flat\u0131ld\u0131.<br \/><\/p>\n","protected":false},"excerpt":{"rendered":"<p>Manisa\u2019n\u0131n Turgutlu il\u00e7esinde otomobil ile motosikletin \u00e7arp\u0131\u015fmas\u0131 sonucu meydana gelen trafik kazas\u0131nda 2 ki\u015fi yaraland\u0131. Kaza, Turgutlu il\u00e7esi Ko\u015fu K\u0131r\u0131 mevkii eski Manisa yolu \u00fczerinde meydana geldi. Turgutlu istikametine do\u011fru seyir halinde bulunan N.D. idaresindeki 45 ND 451 plakal\u0131 otomobil ile ayn\u0131 y\u00f6nde ilerleyen U\u011fur M. idaresindeki 45 AKR 632 plakal\u0131 motosiklet \u00e7arp\u0131\u015ft\u0131. Kaza sonras\u0131&#8230;<\/p>\n","protected":false},"author":1,"featured_media":23865,"comment_status":"open","ping_status":"open","sticky":false,"template":"","format":"standard","meta":{"_crdt_document":"","footnotes":""},"categories":[5],"tags":[],"class_list":["post-23864","post","type-post","status-publish","format-standard","has-post-thumbnail","hentry","category-asayis"],"_links":{"self":[{"href":"https:\/\/www.egemtv.com\/index.php?rest_route=\/wp\/v2\/posts\/23864","targetHints":{"allow":["GET"]}}],"collection":[{"href":"https:\/\/www.egemtv.com\/index.php?rest_route=\/wp\/v2\/posts"}],"about":[{"href":"https:\/\/www.egemtv.com\/index.php?rest_route=\/wp\/v2\/types\/post"}],"author":[{"embeddable":true,"href":"https:\/\/www.egemtv.com\/index.php?rest_route=\/wp\/v2\/users\/1"}],"replies":[{"embeddable":true,"href":"https:\/\/www.egemtv.com\/index.php?rest_route=%2Fwp%2Fv2%2Fcomments&post=23864"}],"version-history":[{"count":1,"href":"https:\/\/www.egemtv.com\/index.php?rest_route=\/wp\/v2\/posts\/23864\/revisions"}],"predecessor-version":[{"id":23866,"href":"https:\/\/www.egemtv.com\/index.php?rest_route=\/wp\/v2\/posts\/23864\/revisions\/23866"}],"wp:featuredmedia":[{"embeddable":true,"href":"https:\/\/www.egemtv.com\/index.php?rest_route=\/wp\/v2\/media\/23865"}],"wp:attachment":[{"href":"https:\/\/www.egemtv.com\/index.php?rest_route=%2Fwp%2Fv2%2Fmedia&parent=23864"}],"wp:term":[{"taxonomy":"category","embeddable":true,"href":"https:\/\/www.egemtv.com\/index.php?rest_route=%2Fwp%2Fv2%2Fcategories&post=23864"},{"taxonomy":"post_tag","embeddable":true,"href":"https:\/\/www.egemtv.com\/index.php?rest_route=%2Fwp%2Fv2%2Ftags&post=23864"}],"curies":[{"name":"wp","href":"https:\/\/api.w.org\/{rel}","templated":true}]}}