{"id":23861,"date":"2025-03-04T17:28:02","date_gmt":"2025-03-04T14:28:02","guid":{"rendered":"https:\/\/www.egemtv.com\/?p=23861"},"modified":"2025-03-04T17:28:06","modified_gmt":"2025-03-04T14:28:06","slug":"ben-de-kaldiririm-dedi-kaldiramadi","status":"publish","type":"post","link":"https:\/\/www.egemtv.com\/?p=23861","title":{"rendered":"&#8220;Ben de kald\u0131r\u0131r\u0131m&#8221; dedi, kald\u0131ramad\u0131"},"content":{"rendered":"<p>\u0130zmir\u2019in Buca il\u00e7esinde bir vatanda\u015f, kilitlenen trafi\u011fi a\u00e7mak i\u00e7in hatal\u0131 park eden bir arac\u0131 elleriyle kald\u0131r\u0131p yana\u015ft\u0131rd\u0131. Ayn\u0131 mahallede oturan bir vatanda\u015f da &#8220;Ben de kald\u0131r\u0131r\u0131m&#8221; diyerek otomobil kald\u0131rmay\u0131 denedi ancak ba\u015far\u0131l\u0131 olamad\u0131.<\/p>\n<p>Olay 2 Mart Pazar g\u00fcn\u00fc \u0130n\u00f6n\u00fc Mahallesi 677 Sokakta meydana geldi. Hatal\u0131 park eden bir ara\u00e7 y\u00fcz\u00fcnden sokaktaki trafik kilitlenirken, bir vatanda\u015f elleriyle arabay\u0131 kald\u0131r\u0131p kald\u0131r\u0131ma do\u011fru yana\u015ft\u0131rd\u0131. Olanlar\u0131 \u015fa\u015fk\u0131nl\u0131kla izleyen vatanda\u015flar o anlar\u0131 cep telefonu kameras\u0131yla kaydetti.<\/p>\n<p>&#8220;Ben de kald\u0131r\u0131r\u0131m dedi, kald\u0131ramad\u0131&#8221;<br \/>\n<br \/>Ayn\u0131 sokaktan ge\u00e7en M\u00fccahit \u0130\u00e7en adl\u0131 vatanda\u015f, g\u00f6r\u00fcnt\u00fcleri izleyip kendine g\u00fcvenerek, &#8220;Ben de kald\u0131r\u0131r\u0131m. Tekni\u011fini biliyorum. Buras\u0131 h\u0131zl\u0131 mahalle, buras\u0131 Gediz. Ayn\u0131 arabay\u0131 getirin ben de kald\u0131r\u0131r\u0131m. Yapar\u0131z niye yapmayal\u0131m. Bizim mahallede normal b\u00f6yle \u015feyler. Dua et arabay\u0131 f\u0131rlatmam\u0131\u015f abi&#8221; dedi. Daha sonra arabay\u0131 kald\u0131rabilece\u011fini s\u00f6yleyen \u0130\u00e7en, otomobili kald\u0131rmak i\u00e7in hamle yapt\u0131 ancak ba\u015far\u0131l\u0131 olamad\u0131.<br \/><\/p>\n","protected":false},"excerpt":{"rendered":"<p>\u0130zmir\u2019in Buca il\u00e7esinde bir vatanda\u015f, kilitlenen trafi\u011fi a\u00e7mak i\u00e7in hatal\u0131 park eden bir arac\u0131 elleriyle kald\u0131r\u0131p yana\u015ft\u0131rd\u0131. Ayn\u0131 mahallede oturan bir vatanda\u015f da &#8220;Ben de kald\u0131r\u0131r\u0131m&#8221; diyerek otomobil kald\u0131rmay\u0131 denedi ancak ba\u015far\u0131l\u0131 olamad\u0131. Olay 2 Mart Pazar g\u00fcn\u00fc \u0130n\u00f6n\u00fc Mahallesi 677 Sokakta meydana geldi. Hatal\u0131 park eden bir ara\u00e7 y\u00fcz\u00fcnden sokaktaki trafik kilitlenirken, bir vatanda\u015f&#8230;<\/p>\n","protected":false},"author":1,"featured_media":23862,"comment_status":"open","ping_status":"open","sticky":false,"template":"","format":"standard","meta":{"_crdt_document":"","footnotes":""},"categories":[5],"tags":[],"class_list":["post-23861","post","type-post","status-publish","format-standard","has-post-thumbnail","hentry","category-asayis"],"_links":{"self":[{"href":"https:\/\/www.egemtv.com\/index.php?rest_route=\/wp\/v2\/posts\/23861","targetHints":{"allow":["GET"]}}],"collection":[{"href":"https:\/\/www.egemtv.com\/index.php?rest_route=\/wp\/v2\/posts"}],"about":[{"href":"https:\/\/www.egemtv.com\/index.php?rest_route=\/wp\/v2\/types\/post"}],"author":[{"embeddable":true,"href":"https:\/\/www.egemtv.com\/index.php?rest_route=\/wp\/v2\/users\/1"}],"replies":[{"embeddable":true,"href":"https:\/\/www.egemtv.com\/index.php?rest_route=%2Fwp%2Fv2%2Fcomments&post=23861"}],"version-history":[{"count":1,"href":"https:\/\/www.egemtv.com\/index.php?rest_route=\/wp\/v2\/posts\/23861\/revisions"}],"predecessor-version":[{"id":23863,"href":"https:\/\/www.egemtv.com\/index.php?rest_route=\/wp\/v2\/posts\/23861\/revisions\/23863"}],"wp:featuredmedia":[{"embeddable":true,"href":"https:\/\/www.egemtv.com\/index.php?rest_route=\/wp\/v2\/media\/23862"}],"wp:attachment":[{"href":"https:\/\/www.egemtv.com\/index.php?rest_route=%2Fwp%2Fv2%2Fmedia&parent=23861"}],"wp:term":[{"taxonomy":"category","embeddable":true,"href":"https:\/\/www.egemtv.com\/index.php?rest_route=%2Fwp%2Fv2%2Fcategories&post=23861"},{"taxonomy":"post_tag","embeddable":true,"href":"https:\/\/www.egemtv.com\/index.php?rest_route=%2Fwp%2Fv2%2Ftags&post=23861"}],"curies":[{"name":"wp","href":"https:\/\/api.w.org\/{rel}","templated":true}]}}