{"id":23858,"date":"2025-03-04T17:28:00","date_gmt":"2025-03-04T14:28:00","guid":{"rendered":"https:\/\/www.egemtv.com\/?p=23858"},"modified":"2025-03-04T17:28:02","modified_gmt":"2025-03-04T14:28:02","slug":"jandarma-nazilli-kaymakami-kanin-kadinlar-gununu-kutladi","status":"publish","type":"post","link":"https:\/\/www.egemtv.com\/?p=23858","title":{"rendered":"Jandarma, Nazilli Kaymakam\u0131 Kan\u2019\u0131n Kad\u0131nlar G\u00fcn\u00fc\u2019n\u00fc kutlad\u0131"},"content":{"rendered":"<p>Ayd\u0131n\u2019\u0131n Nazilli il\u00e7esinde jandarma ekipleri Kaymakam Huriye K\u00fcpeli Kan\u2019\u0131 ziyaret ederek D\u00fcnya Kad\u0131nlar G\u00fcn\u00fc dolay\u0131s\u0131yla \u00e7i\u00e7ek takdim etti.<\/p>\n<p>Nazilli \u0130l\u00e7e Jandarma Komutan\u0131 Jandarma Y\u00fczba\u015f\u0131 Ahmet Refik \u00d6zsoy ve beraberindeki personel, Nazilli Kaymakam\u0131 Huriye K\u00fcpeli Kan\u2019\u0131 ziyaret edip \u00e7i\u00e7ek takdim ederek, D\u00fcnya Kad\u0131nlar G\u00fcn\u00fc\u2019n\u00fc kutlad\u0131. Kaymakam Kan, nazik davran\u0131\u015flar\u0131ndan dolay\u0131 Nazilli \u0130l\u00e7e Jandarma Komutan\u0131 Jandarma Y\u00fczba\u015f\u0131 Ahmet Refik \u00d6zsoy ve beraberindeki personeline te\u015fekk\u00fcr etti.<br \/><\/p>\n","protected":false},"excerpt":{"rendered":"<p>Ayd\u0131n\u2019\u0131n Nazilli il\u00e7esinde jandarma ekipleri Kaymakam Huriye K\u00fcpeli Kan\u2019\u0131 ziyaret ederek D\u00fcnya Kad\u0131nlar G\u00fcn\u00fc dolay\u0131s\u0131yla \u00e7i\u00e7ek takdim etti. Nazilli \u0130l\u00e7e Jandarma Komutan\u0131 Jandarma Y\u00fczba\u015f\u0131 Ahmet Refik \u00d6zsoy ve beraberindeki personel, Nazilli Kaymakam\u0131 Huriye K\u00fcpeli Kan\u2019\u0131 ziyaret edip \u00e7i\u00e7ek takdim ederek, D\u00fcnya Kad\u0131nlar G\u00fcn\u00fc\u2019n\u00fc kutlad\u0131. Kaymakam Kan, nazik davran\u0131\u015flar\u0131ndan dolay\u0131 Nazilli \u0130l\u00e7e Jandarma Komutan\u0131 Jandarma Y\u00fczba\u015f\u0131&#8230;<\/p>\n","protected":false},"author":1,"featured_media":23859,"comment_status":"open","ping_status":"open","sticky":false,"template":"","format":"standard","meta":{"_crdt_document":"","footnotes":""},"categories":[1],"tags":[],"class_list":["post-23858","post","type-post","status-publish","format-standard","has-post-thumbnail","hentry","category-guncel"],"_links":{"self":[{"href":"https:\/\/www.egemtv.com\/index.php?rest_route=\/wp\/v2\/posts\/23858","targetHints":{"allow":["GET"]}}],"collection":[{"href":"https:\/\/www.egemtv.com\/index.php?rest_route=\/wp\/v2\/posts"}],"about":[{"href":"https:\/\/www.egemtv.com\/index.php?rest_route=\/wp\/v2\/types\/post"}],"author":[{"embeddable":true,"href":"https:\/\/www.egemtv.com\/index.php?rest_route=\/wp\/v2\/users\/1"}],"replies":[{"embeddable":true,"href":"https:\/\/www.egemtv.com\/index.php?rest_route=%2Fwp%2Fv2%2Fcomments&post=23858"}],"version-history":[{"count":1,"href":"https:\/\/www.egemtv.com\/index.php?rest_route=\/wp\/v2\/posts\/23858\/revisions"}],"predecessor-version":[{"id":23860,"href":"https:\/\/www.egemtv.com\/index.php?rest_route=\/wp\/v2\/posts\/23858\/revisions\/23860"}],"wp:featuredmedia":[{"embeddable":true,"href":"https:\/\/www.egemtv.com\/index.php?rest_route=\/wp\/v2\/media\/23859"}],"wp:attachment":[{"href":"https:\/\/www.egemtv.com\/index.php?rest_route=%2Fwp%2Fv2%2Fmedia&parent=23858"}],"wp:term":[{"taxonomy":"category","embeddable":true,"href":"https:\/\/www.egemtv.com\/index.php?rest_route=%2Fwp%2Fv2%2Fcategories&post=23858"},{"taxonomy":"post_tag","embeddable":true,"href":"https:\/\/www.egemtv.com\/index.php?rest_route=%2Fwp%2Fv2%2Ftags&post=23858"}],"curies":[{"name":"wp","href":"https:\/\/api.w.org\/{rel}","templated":true}]}}