{"id":23855,"date":"2025-03-04T17:15:41","date_gmt":"2025-03-04T14:15:41","guid":{"rendered":"https:\/\/www.egemtv.com\/?p=23855"},"modified":"2025-03-04T17:15:46","modified_gmt":"2025-03-04T14:15:46","slug":"mentesede-ramazan-ayi-boyunca-her-gun-davul-calacak","status":"publish","type":"post","link":"https:\/\/www.egemtv.com\/?p=23855","title":{"rendered":"Mente\u015fe\u2019de Ramazan ay\u0131 boyunca her g\u00fcn davul \u00e7alacak"},"content":{"rendered":"<p>Mente\u015fe\u2019de 11 y\u0131l aradan sonra Ramazan davuluna izin \u00e7\u0131kt\u0131. Mente\u015fe Belediyesi Mart Ay\u0131 Meclis Toplant\u0131s\u0131nda meclis \u00fcyelerinin oy birli\u011fi ile ald\u0131\u011f\u0131 karar do\u011frultusunda Ramazan ay\u0131 boyunca ramazan davulu her g\u00fcn \u00e7alacak.<br \/>\n<br \/>Mente\u015fe Belediye Meclisi\u2019nin 2014 y\u0131l\u0131nda ramazan davulunun temsili olarak Ramazan Ay\u0131\u2019n\u0131n ilk g\u00fcn\u00fc, 15\u2019inci g\u00fcn\u00fc, Kadir Gecesi ve Ramazan Ay\u0131\u2019n\u0131n son g\u00fcn\u00fc \u00e7al\u0131nmas\u0131na ili\u015fkin bir karar al\u0131nm\u0131\u015ft\u0131.  T\u00fcrkan Saylan \u00c7a\u011fda\u015f Ya\u015fam Merkezinde yap\u0131lan Mart Ay\u0131 Meclis toplant\u0131s\u0131nda 9 mahalle muhtar\u0131 Ramazan ay\u0131nda geleneklerin ya\u015fat\u0131lmas\u0131 amac\u0131yla ramazan davulunun Mente\u015fe\u2019de her g\u00fcn \u00e7al\u0131nmas\u0131n\u0131 y\u00f6nelik belediyeye dilek\u00e7e verdi. Meclis g\u00fcndemine al\u0131nan dilek\u00e7e belediye meclisinde oylamaya sunuldu. Yap\u0131lan oylama sonucunda ramazan davulunun Ramazan Ay\u0131 boyunca Mente\u015fe\u2019de her g\u00fcn \u00e7al\u0131nmas\u0131na oy birli\u011fi ile karar verildi.<br \/>\n<br \/>Mente\u015fe Belediye Ba\u015fkan\u0131 \u015eehir Planc\u0131s\u0131 Gonca K\u00f6ksal yapt\u0131\u011f\u0131 a\u00e7\u0131klamada, &#8220;2014 senesinde eskiden al\u0131nm\u0131\u015f bir karar var. Sadece Ramazan\u2019\u0131n 4 g\u00fcn\u00fc davul \u00e7al\u0131ns\u0131n \u015feklinde. Yerel bas\u0131nda son d\u00f6nemde bu konuyla ilgili haberler yap\u0131ld\u0131. Haberlere yap\u0131lan yorumlarda halk\u0131m\u0131zdan ciddi anlamda ramazan davulu \u00e7al\u0131nmas\u0131na y\u00f6nelik talepler geldi\u011fini g\u00f6rd\u00fck. Muhtarlar\u0131m\u0131zdan konuyla ilgili g\u00f6r\u00fc\u015f ald\u0131k. Muhtarlar\u0131m\u0131z\u0131n da hemen hemen hepsi Ramazan davulu \u00e7al\u0131nmas\u0131 y\u00f6n\u00fcnde vatanda\u015flar\u0131m\u0131z\u0131n talepleri oldu\u011funa y\u00f6nelik g\u00f6r\u00fc\u015flerini bildirdiler. Bize de bunu uygulamak d\u00fc\u015ft\u00fc. Ramazan Ay\u0131\u2019n\u0131n manevi atmosferinde ramazan davulunun anlaml\u0131 bir yeri var. Geleneklerimizin, g\u00f6reneklerimizin ya\u015fat\u0131lmas\u0131 \u00e7ok \u00f6nemli. Geleneklerimizi ya\u015fatmak bizleri de mutlu eder. O y\u00fczden meclis g\u00fcndemine bu konuyu ta\u015f\u0131mak istedik&#8221; dedi.<br \/>\n<br \/>Belediye Meclisinde al\u0131nan karar do\u011frultusunda Ramazan Ay\u0131\u2019nda Mente\u015fe\u2019de her g\u00fcn ramazan davulu \u00e7alacak.<br \/><\/p>\n","protected":false},"excerpt":{"rendered":"<p>Mente\u015fe\u2019de 11 y\u0131l aradan sonra Ramazan davuluna izin \u00e7\u0131kt\u0131. Mente\u015fe Belediyesi Mart Ay\u0131 Meclis Toplant\u0131s\u0131nda meclis \u00fcyelerinin oy birli\u011fi ile ald\u0131\u011f\u0131 karar do\u011frultusunda Ramazan ay\u0131 boyunca ramazan davulu her g\u00fcn \u00e7alacak. Mente\u015fe Belediye Meclisi\u2019nin 2014 y\u0131l\u0131nda ramazan davulunun temsili olarak Ramazan Ay\u0131\u2019n\u0131n ilk g\u00fcn\u00fc, 15\u2019inci g\u00fcn\u00fc, Kadir Gecesi ve Ramazan Ay\u0131\u2019n\u0131n son g\u00fcn\u00fc \u00e7al\u0131nmas\u0131na ili\u015fkin&#8230;<\/p>\n","protected":false},"author":1,"featured_media":23856,"comment_status":"open","ping_status":"open","sticky":false,"template":"","format":"standard","meta":{"_crdt_document":"","footnotes":""},"categories":[1],"tags":[],"class_list":["post-23855","post","type-post","status-publish","format-standard","has-post-thumbnail","hentry","category-guncel"],"_links":{"self":[{"href":"https:\/\/www.egemtv.com\/index.php?rest_route=\/wp\/v2\/posts\/23855","targetHints":{"allow":["GET"]}}],"collection":[{"href":"https:\/\/www.egemtv.com\/index.php?rest_route=\/wp\/v2\/posts"}],"about":[{"href":"https:\/\/www.egemtv.com\/index.php?rest_route=\/wp\/v2\/types\/post"}],"author":[{"embeddable":true,"href":"https:\/\/www.egemtv.com\/index.php?rest_route=\/wp\/v2\/users\/1"}],"replies":[{"embeddable":true,"href":"https:\/\/www.egemtv.com\/index.php?rest_route=%2Fwp%2Fv2%2Fcomments&post=23855"}],"version-history":[{"count":1,"href":"https:\/\/www.egemtv.com\/index.php?rest_route=\/wp\/v2\/posts\/23855\/revisions"}],"predecessor-version":[{"id":23857,"href":"https:\/\/www.egemtv.com\/index.php?rest_route=\/wp\/v2\/posts\/23855\/revisions\/23857"}],"wp:featuredmedia":[{"embeddable":true,"href":"https:\/\/www.egemtv.com\/index.php?rest_route=\/wp\/v2\/media\/23856"}],"wp:attachment":[{"href":"https:\/\/www.egemtv.com\/index.php?rest_route=%2Fwp%2Fv2%2Fmedia&parent=23855"}],"wp:term":[{"taxonomy":"category","embeddable":true,"href":"https:\/\/www.egemtv.com\/index.php?rest_route=%2Fwp%2Fv2%2Fcategories&post=23855"},{"taxonomy":"post_tag","embeddable":true,"href":"https:\/\/www.egemtv.com\/index.php?rest_route=%2Fwp%2Fv2%2Ftags&post=23855"}],"curies":[{"name":"wp","href":"https:\/\/api.w.org\/{rel}","templated":true}]}}