{"id":23852,"date":"2025-03-04T17:15:33","date_gmt":"2025-03-04T14:15:33","guid":{"rendered":"https:\/\/www.egemtv.com\/?p=23852"},"modified":"2025-03-04T17:15:40","modified_gmt":"2025-03-04T14:15:40","slug":"sokede-is-kadinlari-deneyimlerini-paylasti","status":"publish","type":"post","link":"https:\/\/www.egemtv.com\/?p=23852","title":{"rendered":"S\u00f6ke\u2019de i\u015f kad\u0131nlar\u0131 deneyimlerini payla\u015ft\u0131"},"content":{"rendered":"<p>Ayd\u0131n\u2019\u0131n S\u00f6ke il\u00e7esinde ger\u00e7ekle\u015ftirilen \u2019S\u00f6keli Giri\u015fimci Kad\u0131nlar\u2019 isimli s\u00f6yle\u015fide bir araya gelen i\u015f kad\u0131nlar\u0131 deneyimlerini payla\u015ft\u0131.<\/p>\n<p>S\u00f6ke Belediyesi\u2019nin katk\u0131lar\u0131yla S\u00f6ke Kent Konseyi Kad\u0131n Meclisi taraf\u0131ndan ger\u00e7ekle\u015ftirilen 8 Mart D\u00fcnya Emek\u00e7i Kad\u0131nlar G\u00fcn\u00fc etkinlikleri, \u2018S\u00f6keli Giri\u015fimci Kad\u0131nlar S\u00f6yle\u015fisi\u2019 ile s\u00fcrd\u00fc. Vali Recep Yaz\u0131c\u0131o\u011flu K\u00fclt\u00fcr Salonu\u2019nda ger\u00e7ekle\u015ftirilen s\u00f6yle\u015fide, S\u00f6keli Kad\u0131n Giri\u015fimciler Asl\u0131 Tehmen, Mediha Karao\u011flu \u0130\u015fg\u00f6ren, Ay\u015fe Anya ve Halide Adal\u0131lar konu\u015fmac\u0131 olarak yer ald\u0131. S\u00f6ke Kad\u0131n Meclisi Ba\u015fkan\u0131 \u015eule Pulluk\u00e7u Ak\u0131nt\u00fcrk, s\u00f6yle\u015finin moderat\u00f6rl\u00fc\u011f\u00fcn\u00fc \u00fcstlendi. Etkinli\u011fi izleyenler aras\u0131nda S\u00f6ke Belediye Ba\u015fkan Vekili Fuat Evren G\u00fcl de yer ald\u0131. S\u00f6keli i\u015f kad\u0131nlar\u0131, kat\u0131l\u0131mc\u0131larla deneyimlerini ve ba\u015far\u0131 hikayelerini payla\u015ft\u0131. Kad\u0131n giri\u015fimcili\u011finin ve kad\u0131n eme\u011finin \u00f6neminin vurguland\u0131\u011f\u0131 s\u00f6yle\u015fide, i\u015f hayat\u0131nda kad\u0131nlar\u0131n kar\u015f\u0131la\u015ft\u0131\u011f\u0131 zorluklar ve ba\u015far\u0131lar\u0131n\u0131n alt\u0131 \u00e7izildi.<br \/><\/p>\n","protected":false},"excerpt":{"rendered":"<p>Ayd\u0131n\u2019\u0131n S\u00f6ke il\u00e7esinde ger\u00e7ekle\u015ftirilen \u2019S\u00f6keli Giri\u015fimci Kad\u0131nlar\u2019 isimli s\u00f6yle\u015fide bir araya gelen i\u015f kad\u0131nlar\u0131 deneyimlerini payla\u015ft\u0131. S\u00f6ke Belediyesi\u2019nin katk\u0131lar\u0131yla S\u00f6ke Kent Konseyi Kad\u0131n Meclisi taraf\u0131ndan ger\u00e7ekle\u015ftirilen 8 Mart D\u00fcnya Emek\u00e7i Kad\u0131nlar G\u00fcn\u00fc etkinlikleri, \u2018S\u00f6keli Giri\u015fimci Kad\u0131nlar S\u00f6yle\u015fisi\u2019 ile s\u00fcrd\u00fc. Vali Recep Yaz\u0131c\u0131o\u011flu K\u00fclt\u00fcr Salonu\u2019nda ger\u00e7ekle\u015ftirilen s\u00f6yle\u015fide, S\u00f6keli Kad\u0131n Giri\u015fimciler Asl\u0131 Tehmen, Mediha Karao\u011flu \u0130\u015fg\u00f6ren, Ay\u015fe&#8230;<\/p>\n","protected":false},"author":1,"featured_media":23853,"comment_status":"open","ping_status":"open","sticky":false,"template":"","format":"standard","meta":{"_crdt_document":"","footnotes":""},"categories":[1],"tags":[],"class_list":["post-23852","post","type-post","status-publish","format-standard","has-post-thumbnail","hentry","category-guncel"],"_links":{"self":[{"href":"https:\/\/www.egemtv.com\/index.php?rest_route=\/wp\/v2\/posts\/23852","targetHints":{"allow":["GET"]}}],"collection":[{"href":"https:\/\/www.egemtv.com\/index.php?rest_route=\/wp\/v2\/posts"}],"about":[{"href":"https:\/\/www.egemtv.com\/index.php?rest_route=\/wp\/v2\/types\/post"}],"author":[{"embeddable":true,"href":"https:\/\/www.egemtv.com\/index.php?rest_route=\/wp\/v2\/users\/1"}],"replies":[{"embeddable":true,"href":"https:\/\/www.egemtv.com\/index.php?rest_route=%2Fwp%2Fv2%2Fcomments&post=23852"}],"version-history":[{"count":1,"href":"https:\/\/www.egemtv.com\/index.php?rest_route=\/wp\/v2\/posts\/23852\/revisions"}],"predecessor-version":[{"id":23854,"href":"https:\/\/www.egemtv.com\/index.php?rest_route=\/wp\/v2\/posts\/23852\/revisions\/23854"}],"wp:featuredmedia":[{"embeddable":true,"href":"https:\/\/www.egemtv.com\/index.php?rest_route=\/wp\/v2\/media\/23853"}],"wp:attachment":[{"href":"https:\/\/www.egemtv.com\/index.php?rest_route=%2Fwp%2Fv2%2Fmedia&parent=23852"}],"wp:term":[{"taxonomy":"category","embeddable":true,"href":"https:\/\/www.egemtv.com\/index.php?rest_route=%2Fwp%2Fv2%2Fcategories&post=23852"},{"taxonomy":"post_tag","embeddable":true,"href":"https:\/\/www.egemtv.com\/index.php?rest_route=%2Fwp%2Fv2%2Ftags&post=23852"}],"curies":[{"name":"wp","href":"https:\/\/api.w.org\/{rel}","templated":true}]}}