{"id":23810,"date":"2025-03-04T14:46:02","date_gmt":"2025-03-04T11:46:02","guid":{"rendered":"https:\/\/www.egemtv.com\/?p=23810"},"modified":"2025-03-04T14:46:10","modified_gmt":"2025-03-04T11:46:10","slug":"didimde-1-gunde-2-ev-yangini","status":"publish","type":"post","link":"https:\/\/www.egemtv.com\/?p=23810","title":{"rendered":"Didim\u2019de 1 g\u00fcnde 2 ev yang\u0131n\u0131"},"content":{"rendered":"<p>Ayd\u0131n\u2019\u0131n Didim il\u00e7esinde 24 saat i\u00e7erisinde meydana gelen 2 ev yang\u0131n\u0131 panikletirken, yang\u0131nlarda maddi hasar meydana geldi.<\/p>\n<p>Yang\u0131nlardan ilki 3 Mart Pazartesi g\u00fcn\u00fc ak\u015fam saatlerinde Efeler Mahallesi Atat\u00fcrk Bulvar\u0131 \u00fczerindeki bir apartmanda meydana geldi. Edinilen bilgiye g\u00f6re, apartman\u0131n birinci kat\u0131nda hen\u00fcz bilinmeyen bir nedenle yang\u0131n \u00e7\u0131kt\u0131. Evden alevlerin y\u00fckseldi\u011fini fark eden vatanda\u015flar durumu 112 Acil \u00c7a\u011fr\u0131 Merkezi\u2019ne bildirdi. \u0130hbar \u00fczerine b\u00f6lgeye itfaiye, sa\u011fl\u0131k ve polis ekipleri sevk edildi. K\u0131sa s\u00fcrede olay yerine gelen Ayd\u0131n B\u00fcy\u00fck\u015fehir Belediyesi \u0130tfaiye Daire Ba\u015fkanl\u0131\u011f\u0131 ekipleri yang\u0131na m\u00fcdahale ederek kontrol alt\u0131na ald\u0131.<\/p>\n<p>\u0130kinci yang\u0131n ise 4 Mart \u00c7ar\u015famba g\u00fcn\u00fc \u00f6\u011fle saatlerinde \u00c7aml\u0131k Mahallesi 526 sokaktaki bir apartman\u0131n \u00e7at\u0131s\u0131nda meydana geldi. Edinilen bilgiye g\u00f6re, \u00e7at\u0131 izolasyonu yap\u0131ld\u0131\u011f\u0131 s\u0131rada yang\u0131n \u00e7\u0131kt\u0131. \u0130hbar \u00fczerine b\u00f6lgeye itfaiye, sa\u011fl\u0131k ve polis ekipleri sevk edildi. K\u0131sa s\u00fcrede olay yerine gelen Ayd\u0131n B\u00fcy\u00fck\u015fehir Belediyesi \u0130tfaiye Daire Ba\u015fkanl\u0131\u011f\u0131 ekipleri yang\u0131n\u0131 k\u0131sa s\u00fcrede kontrol alt\u0131na ald\u0131.<\/p>\n<p>Her iki yang\u0131nda da \u00f6len yada yaralanan\u0131n olmamas\u0131 teselli kayna\u011f\u0131 olurken, meydana gelen ilk yang\u0131nda tamamen yanan ev kullan\u0131lamaz hale gelirken, ikinci yang\u0131nda da \u00e7at\u0131 k\u0131sm\u0131nda maddi hasar meydana geldi.<\/p>\n<p>Yang\u0131nlarla ilgili soru\u015fturma s\u00fcr\u00fcyor.<br \/><\/p>\n","protected":false},"excerpt":{"rendered":"<p>Ayd\u0131n\u2019\u0131n Didim il\u00e7esinde 24 saat i\u00e7erisinde meydana gelen 2 ev yang\u0131n\u0131 panikletirken, yang\u0131nlarda maddi hasar meydana geldi. Yang\u0131nlardan ilki 3 Mart Pazartesi g\u00fcn\u00fc ak\u015fam saatlerinde Efeler Mahallesi Atat\u00fcrk Bulvar\u0131 \u00fczerindeki bir apartmanda meydana geldi. Edinilen bilgiye g\u00f6re, apartman\u0131n birinci kat\u0131nda hen\u00fcz bilinmeyen bir nedenle yang\u0131n \u00e7\u0131kt\u0131. Evden alevlerin y\u00fckseldi\u011fini fark eden vatanda\u015flar durumu 112 Acil&#8230;<\/p>\n","protected":false},"author":1,"featured_media":23811,"comment_status":"open","ping_status":"open","sticky":false,"template":"","format":"standard","meta":{"_crdt_document":"","footnotes":""},"categories":[5],"tags":[],"class_list":["post-23810","post","type-post","status-publish","format-standard","has-post-thumbnail","hentry","category-asayis"],"_links":{"self":[{"href":"https:\/\/www.egemtv.com\/index.php?rest_route=\/wp\/v2\/posts\/23810","targetHints":{"allow":["GET"]}}],"collection":[{"href":"https:\/\/www.egemtv.com\/index.php?rest_route=\/wp\/v2\/posts"}],"about":[{"href":"https:\/\/www.egemtv.com\/index.php?rest_route=\/wp\/v2\/types\/post"}],"author":[{"embeddable":true,"href":"https:\/\/www.egemtv.com\/index.php?rest_route=\/wp\/v2\/users\/1"}],"replies":[{"embeddable":true,"href":"https:\/\/www.egemtv.com\/index.php?rest_route=%2Fwp%2Fv2%2Fcomments&post=23810"}],"version-history":[{"count":1,"href":"https:\/\/www.egemtv.com\/index.php?rest_route=\/wp\/v2\/posts\/23810\/revisions"}],"predecessor-version":[{"id":23812,"href":"https:\/\/www.egemtv.com\/index.php?rest_route=\/wp\/v2\/posts\/23810\/revisions\/23812"}],"wp:featuredmedia":[{"embeddable":true,"href":"https:\/\/www.egemtv.com\/index.php?rest_route=\/wp\/v2\/media\/23811"}],"wp:attachment":[{"href":"https:\/\/www.egemtv.com\/index.php?rest_route=%2Fwp%2Fv2%2Fmedia&parent=23810"}],"wp:term":[{"taxonomy":"category","embeddable":true,"href":"https:\/\/www.egemtv.com\/index.php?rest_route=%2Fwp%2Fv2%2Fcategories&post=23810"},{"taxonomy":"post_tag","embeddable":true,"href":"https:\/\/www.egemtv.com\/index.php?rest_route=%2Fwp%2Fv2%2Ftags&post=23810"}],"curies":[{"name":"wp","href":"https:\/\/api.w.org\/{rel}","templated":true}]}}