{"id":23807,"date":"2025-03-04T14:29:06","date_gmt":"2025-03-04T11:29:06","guid":{"rendered":"https:\/\/www.egemtv.com\/?p=23807"},"modified":"2025-03-04T14:29:11","modified_gmt":"2025-03-04T11:29:11","slug":"izmirde-avmdeki-sahipsiz-kopek-3-yasindaki-elife-saldirdi","status":"publish","type":"post","link":"https:\/\/www.egemtv.com\/?p=23807","title":{"rendered":"\u0130zmir\u2019de AVM\u2019deki sahipsiz k\u00f6pek 3 ya\u015f\u0131ndaki Elif\u2019e sald\u0131rd\u0131"},"content":{"rendered":"<p>I\u00b7zmir\u2019in Kars\u00b8\u0131yaka ilc\u00b8esinde al\u0131\u015fveri\u015f merkezinde sahipsiz bir ko\u00a8pek, annesi ile birlikte al\u0131\u015fveri\u015fe gelen 3 yas\u00b8\u0131ndaki Elif\u2019e sald\u0131r\u0131p dudag\u02c6\u0131n\u0131\u00a0\u0131s\u0131rd\u0131. Korku dolu anlar ya\u015fayan \u00e7ocu\u011fun ailesi ise olay sonras\u0131 k\u00f6pe\u011fi bar\u0131nd\u0131ran al\u0131\u015fveri\u015f merkezi ve ma\u011fazadan \u015fikayet\u00e7i oldu.<br \/>\n<br \/>Olay, 2 Mart Pazar g\u00fcn\u00fc saat 18.00 s\u0131ralar\u0131nda, Kar\u015f\u0131yaka il\u00e7esinde bulunan Hiltown AVM\u2019deki H&amp;M ma\u011fazas\u0131 \u00f6n\u00fcnde meydana geldi. AVM\u2019ye giden Esra Erdo\u011fan ve 3 ya\u015f\u0131ndaki k\u0131z\u0131 Elif Dua Alpayd\u0131n ma\u011fazaya girdi. Bu esnada Elif Dua, ma\u011faza giri\u015findeki koltukta bulunan k\u00f6pe\u011fi sevmek i\u00e7in yan\u0131na gitti. Bir anda \u00e7ocu\u011fa sald\u0131ran k\u00f6pek, Elif\u2019in y\u00fcz\u00fcne hamle yaparak dudak k\u0131sm\u0131n\u0131 \u0131s\u0131rd\u0131, patisiyle aln\u0131n\u0131 \u00e7izdi. Elif\u2019in annesi can havliyle k\u0131z\u0131n\u0131 k\u00f6pekten kurtard\u0131. B\u00fcy\u00fck korku ya\u015fayan ve k\u00f6pek sald\u0131r\u0131s\u0131na yaralanan Elif, daha sonra hastaneye kald\u0131r\u0131ld\u0131. K\u00fc\u00e7\u00fck \u00e7ocuk pansuman ve tedavinin ard\u0131ndan taburcu edilirken, aile sahipsiz k\u00f6pe\u011fi bar\u0131nd\u0131ran Hiltown AVM ve H&amp;M ma\u011fazas\u0131ndan \u015fikayet\u00e7i oldu.<\/p>\n<p>AVM gibi g\u00fcvenli san\u0131lan yerde bu nas\u0131l olabiliyor<br \/>\n<br \/>Olay an\u0131n\u0131 anlatan Elif Dua Alpayd\u0131n\u2019\u0131n annesi Esra Erdo\u011fan, &#8220;Olay pazar g\u00fcn\u00fc her zaman gitti\u011fimiz Hilltown AVM\u2019de oldu. H&amp;M ma\u011fazas\u0131n\u0131n giri\u015finde koltukta yatan k\u00f6pe\u011fi g\u00f6r\u00fcnce k\u0131z\u0131m onu sevmek istedi. K\u00f6pe\u011fe elini uzat\u0131r uzatmaz hayvan havlayarak k\u0131z\u0131m\u0131n y\u00fcz\u00fcne do\u011fru sald\u0131rd\u0131. O an \u00e7ok b\u00fcy\u00fck bir korku ya\u015fad\u0131k ve k\u0131z\u0131m\u0131 k\u00f6pekten kurtard\u0131m. O an \u00e7\u0131\u011fl\u0131k att\u0131m, b\u00fcy\u00fck bir korku ya\u015fad\u0131m ve k\u0131z\u0131m\u0131n duda\u011f\u0131n\u0131n \u00fcst\u00fcnde di\u015f izlerini g\u00f6rd\u00fcm. Benim \u00e7\u0131\u011fl\u0131klar\u0131m\u0131 duyunca AVM g\u00fcvenli\u011fi geldi ve durumu onlara anlatt\u0131m. Sonra AVM\u2019deki sa\u011fl\u0131k\u00e7\u0131lar geldi ve bir \u015fey yapamayacaklar\u0131n\u0131 hastaneye gitmemiz gerekti\u011fini s\u00f6ylediler. Ben panikle hemen babas\u0131n\u0131 arad\u0131m ve ard\u0131ndan \u015fikayet etmek i\u00e7in polisi arad\u0131k. Polis de \u2018Bizim i\u015fimiz de\u011fil bu, zab\u0131ta ile g\u00f6r\u00fc\u015fmeniz gerekiyor\u2019 dedi. Yani Hilltown gibi bir yerde, al\u0131\u015fveri\u015f merkezleri gibi g\u00fcvenli bir ortamda nas\u0131l oluyor da b\u00f6yle bir \u015fey olabiliyor. Ben anlayam\u0131yorum&#8221; dedi.<\/p>\n<p>&#8220;Sald\u0131rgan bir k\u00f6pe\u011fin burada ne i\u015fi var&#8221;<br \/>\n<br \/>Sald\u0131rgan k\u00f6pe\u011fi bar\u0131nd\u0131ran AVM ve ma\u011fazaya tepki g\u00f6steren anne Esra Erdo\u011fan, &#8220;K\u0131z\u0131m\u0131 hastaneye g\u00f6t\u00fcrd\u00fck ve kuduz a\u015f\u0131s\u0131n\u0131 oldu. Daha sonra da tekrar bir a\u015f\u0131 olacak ve 4 doz a\u015f\u0131 olacak. Yani ger\u00e7ekten ben anlayam\u0131yorum, sald\u0131rgan k\u00f6pe\u011fin al\u0131\u015fveri\u015f merkezinde ne i\u015fi var? G\u00fcvenlikle konu\u015ftu\u011fumda k\u00f6pe\u011fin kendilerine de sald\u0131rd\u0131\u011f\u0131n\u0131, \u2018Koval\u0131yoruz, yine geliyor, ne yapal\u0131m\u2019 dediler. Bunu bir g\u00fcvenlik s\u00f6yl\u00fcyor. Madem k\u00f6pe\u011fi d\u0131\u015far\u0131 atam\u0131yorsun, sald\u0131rgan bir k\u00f6pe\u011fin burada ne i\u015fi var? Ben \u00e7ocu\u011fumun yan\u0131ndayd\u0131m, yak\u0131nd\u0131m ki onu oradan \u00e7ekebildim. Yak\u0131n\u0131nda olmasayd\u0131m t\u00fcm y\u00fcz\u00fcn\u00fc par\u00e7alayabilirdi de. Benim k\u0131z\u0131m \u015fu an travma ya\u015f\u0131yor. Hayvanlar\u0131 seven bir k\u0131zd\u0131 ama d\u00fcn gece geldi ve \u2018Annem benim yan\u0131mda yat, korkuyorum, odamda kedi ve k\u00f6pek var diyor. Hayvanlar\u0131 seven k\u0131z\u0131m belki art\u0131k hayvan sevemeyecek. Psikolojik destek alaca\u011f\u0131z&#8221; diye konu\u015ftu.<br \/><\/p>\n","protected":false},"excerpt":{"rendered":"<p>I\u00b7zmir\u2019in Kars\u00b8\u0131yaka ilc\u00b8esinde al\u0131\u015fveri\u015f merkezinde sahipsiz bir ko\u00a8pek, annesi ile birlikte al\u0131\u015fveri\u015fe gelen 3 yas\u00b8\u0131ndaki Elif\u2019e sald\u0131r\u0131p dudag\u02c6\u0131n\u0131\u00a0\u0131s\u0131rd\u0131. Korku dolu anlar ya\u015fayan \u00e7ocu\u011fun ailesi ise olay sonras\u0131 k\u00f6pe\u011fi bar\u0131nd\u0131ran al\u0131\u015fveri\u015f merkezi ve ma\u011fazadan \u015fikayet\u00e7i oldu. Olay, 2 Mart Pazar g\u00fcn\u00fc saat 18.00 s\u0131ralar\u0131nda, Kar\u015f\u0131yaka il\u00e7esinde bulunan Hiltown AVM\u2019deki H&amp;M ma\u011fazas\u0131 \u00f6n\u00fcnde meydana geldi. AVM\u2019ye giden&#8230;<\/p>\n","protected":false},"author":1,"featured_media":23808,"comment_status":"open","ping_status":"open","sticky":false,"template":"","format":"standard","meta":{"_crdt_document":"","footnotes":""},"categories":[5],"tags":[],"class_list":["post-23807","post","type-post","status-publish","format-standard","has-post-thumbnail","hentry","category-asayis"],"_links":{"self":[{"href":"https:\/\/www.egemtv.com\/index.php?rest_route=\/wp\/v2\/posts\/23807","targetHints":{"allow":["GET"]}}],"collection":[{"href":"https:\/\/www.egemtv.com\/index.php?rest_route=\/wp\/v2\/posts"}],"about":[{"href":"https:\/\/www.egemtv.com\/index.php?rest_route=\/wp\/v2\/types\/post"}],"author":[{"embeddable":true,"href":"https:\/\/www.egemtv.com\/index.php?rest_route=\/wp\/v2\/users\/1"}],"replies":[{"embeddable":true,"href":"https:\/\/www.egemtv.com\/index.php?rest_route=%2Fwp%2Fv2%2Fcomments&post=23807"}],"version-history":[{"count":1,"href":"https:\/\/www.egemtv.com\/index.php?rest_route=\/wp\/v2\/posts\/23807\/revisions"}],"predecessor-version":[{"id":23809,"href":"https:\/\/www.egemtv.com\/index.php?rest_route=\/wp\/v2\/posts\/23807\/revisions\/23809"}],"wp:featuredmedia":[{"embeddable":true,"href":"https:\/\/www.egemtv.com\/index.php?rest_route=\/wp\/v2\/media\/23808"}],"wp:attachment":[{"href":"https:\/\/www.egemtv.com\/index.php?rest_route=%2Fwp%2Fv2%2Fmedia&parent=23807"}],"wp:term":[{"taxonomy":"category","embeddable":true,"href":"https:\/\/www.egemtv.com\/index.php?rest_route=%2Fwp%2Fv2%2Fcategories&post=23807"},{"taxonomy":"post_tag","embeddable":true,"href":"https:\/\/www.egemtv.com\/index.php?rest_route=%2Fwp%2Fv2%2Ftags&post=23807"}],"curies":[{"name":"wp","href":"https:\/\/api.w.org\/{rel}","templated":true}]}}