{"id":23804,"date":"2025-03-04T14:29:01","date_gmt":"2025-03-04T11:29:01","guid":{"rendered":"https:\/\/www.egemtv.com\/?p=23804"},"modified":"2025-03-04T14:29:06","modified_gmt":"2025-03-04T11:29:06","slug":"tedavi-gordugu-hastanede-vefat-eden-emniyet-muduru-memleketine-torenle-ugurlandi","status":"publish","type":"post","link":"https:\/\/www.egemtv.com\/?p=23804","title":{"rendered":"Tedavi g\u00f6rd\u00fc\u011f\u00fc hastanede vefat eden Emniyet M\u00fcd\u00fcr\u00fc memleketine t\u00f6renle u\u011furland\u0131"},"content":{"rendered":"<p>Denizli\u2019de tedavi g\u00f6rd\u00fc\u011f\u00fc hastanede ya\u015fam\u0131n\u0131 yitiren 2. S\u0131n\u0131f Emniyet M\u00fcd\u00fcr\u00fc \u0130smail Orak\u2019\u0131n cenazesi d\u00fczenlenen t\u00f6renin ard\u0131ndan memleketi Ayd\u0131n\u2019a g\u00f6nderildi.<\/p>\n<p>13 y\u0131ld\u0131r Denizli\u2019de g\u00f6rev yapan 2. S\u0131n\u0131f Emniyet M\u00fcd\u00fcr\u00fc, \u0130l Emniyet M\u00fcd\u00fcr Yard\u0131mc\u0131s\u0131 \u0130smail Orak, bir s\u00fcre \u00f6nce rahats\u0131zlanarak hastaneye kald\u0131r\u0131ld\u0131. Kald\u0131r\u0131ld\u0131\u011f\u0131 hastanede tedavi alt\u0131na al\u0131nan 48 ya\u015f\u0131ndaki Emniyet M\u00fcd\u00fcr\u00fc Orak\u2019a beyin kanamas\u0131 te\u015fhisi konuldu. D\u00fcn gece saatlerinde durumu fenala\u015fan Orak, doktorlar\u0131n t\u00fcm m\u00fcdahalesine ra\u011fmen ya\u015fam m\u00fccadelesini kaybetti. \u0130\u015flemlerinin ard\u0131ndan vefat eden Emniyet M\u00fcd\u00fcr\u00fc Orak\u2019\u0131n cenazesi \u0130l Emniyet M\u00fcd\u00fcrl\u00fc\u011f\u00fc bah\u00e7esine getirildi. Burada d\u00fczenlenen t\u00f6rende Orak\u2019\u0131n \u00f6z ge\u00e7mi\u015finin okunmas\u0131n\u0131n ard\u0131ndan dua edildi.<\/p>\n<p>Hayat\u0131n\u0131 kaybeden Emniyet M\u00fcd\u00fcr\u00fc Orak i\u00e7in d\u00fczenlenen t\u00f6rene Denizli Valisi \u00d6mer Faruk Co\u015fkun, 11\u2019inci Komando Tugay ve Garnizon Komutan Vekili Piyade Albay Ertan Dabi, \u0130l Jandarma Komutan\u0131 Albay H\u0131d\u0131r Ay\u00e7i\u00e7ek, \u0130l Emniyet M\u00fcd\u00fcr\u00fc Yavuz Sa\u011fd\u0131\u00e7, il protokol\u00fc ile Orak\u2019\u0131n ailesi ile mesai arkada\u015flar\u0131 kat\u0131ld\u0131. T\u00f6renin ard\u0131ndan Orak\u2019\u0131n cenazesi, son yolculu\u011funa u\u011furlanmak \u00fczere  memleketi Ayd\u0131n\u2019\u0131n Nazilli il\u00e7esine g\u00f6nderildi.<br \/><\/p>\n","protected":false},"excerpt":{"rendered":"<p>Denizli\u2019de tedavi g\u00f6rd\u00fc\u011f\u00fc hastanede ya\u015fam\u0131n\u0131 yitiren 2. S\u0131n\u0131f Emniyet M\u00fcd\u00fcr\u00fc \u0130smail Orak\u2019\u0131n cenazesi d\u00fczenlenen t\u00f6renin ard\u0131ndan memleketi Ayd\u0131n\u2019a g\u00f6nderildi. 13 y\u0131ld\u0131r Denizli\u2019de g\u00f6rev yapan 2. S\u0131n\u0131f Emniyet M\u00fcd\u00fcr\u00fc, \u0130l Emniyet M\u00fcd\u00fcr Yard\u0131mc\u0131s\u0131 \u0130smail Orak, bir s\u00fcre \u00f6nce rahats\u0131zlanarak hastaneye kald\u0131r\u0131ld\u0131. Kald\u0131r\u0131ld\u0131\u011f\u0131 hastanede tedavi alt\u0131na al\u0131nan 48 ya\u015f\u0131ndaki Emniyet M\u00fcd\u00fcr\u00fc Orak\u2019a beyin kanamas\u0131 te\u015fhisi konuldu. D\u00fcn&#8230;<\/p>\n","protected":false},"author":1,"featured_media":23805,"comment_status":"open","ping_status":"open","sticky":false,"template":"","format":"standard","meta":{"_crdt_document":"","footnotes":""},"categories":[5],"tags":[],"class_list":["post-23804","post","type-post","status-publish","format-standard","has-post-thumbnail","hentry","category-asayis"],"_links":{"self":[{"href":"https:\/\/www.egemtv.com\/index.php?rest_route=\/wp\/v2\/posts\/23804","targetHints":{"allow":["GET"]}}],"collection":[{"href":"https:\/\/www.egemtv.com\/index.php?rest_route=\/wp\/v2\/posts"}],"about":[{"href":"https:\/\/www.egemtv.com\/index.php?rest_route=\/wp\/v2\/types\/post"}],"author":[{"embeddable":true,"href":"https:\/\/www.egemtv.com\/index.php?rest_route=\/wp\/v2\/users\/1"}],"replies":[{"embeddable":true,"href":"https:\/\/www.egemtv.com\/index.php?rest_route=%2Fwp%2Fv2%2Fcomments&post=23804"}],"version-history":[{"count":1,"href":"https:\/\/www.egemtv.com\/index.php?rest_route=\/wp\/v2\/posts\/23804\/revisions"}],"predecessor-version":[{"id":23806,"href":"https:\/\/www.egemtv.com\/index.php?rest_route=\/wp\/v2\/posts\/23804\/revisions\/23806"}],"wp:featuredmedia":[{"embeddable":true,"href":"https:\/\/www.egemtv.com\/index.php?rest_route=\/wp\/v2\/media\/23805"}],"wp:attachment":[{"href":"https:\/\/www.egemtv.com\/index.php?rest_route=%2Fwp%2Fv2%2Fmedia&parent=23804"}],"wp:term":[{"taxonomy":"category","embeddable":true,"href":"https:\/\/www.egemtv.com\/index.php?rest_route=%2Fwp%2Fv2%2Fcategories&post=23804"},{"taxonomy":"post_tag","embeddable":true,"href":"https:\/\/www.egemtv.com\/index.php?rest_route=%2Fwp%2Fv2%2Ftags&post=23804"}],"curies":[{"name":"wp","href":"https:\/\/api.w.org\/{rel}","templated":true}]}}