{"id":23801,"date":"2025-03-04T14:28:56","date_gmt":"2025-03-04T11:28:56","guid":{"rendered":"https:\/\/www.egemtv.com\/?p=23801"},"modified":"2025-03-04T14:29:01","modified_gmt":"2025-03-04T11:29:01","slug":"salihlide-aranan-4-sahis-jandarmadan-kacamadi","status":"publish","type":"post","link":"https:\/\/www.egemtv.com\/?p=23801","title":{"rendered":"Salihli\u2019de aranan 4 \u015fah\u0131s jandarmadan ka\u00e7amad\u0131"},"content":{"rendered":"<p>Sorumluluk alan\u0131nda aranan \u015fah\u0131slara y\u00f6nelik \u00e7al\u0131\u015fmalar\u0131n\u0131 s\u00fcrd\u00fcren Manisa \u0130l Jandarma Komutanl\u0131\u011f\u0131na ba\u011fl\u0131 Salihli \u0130l\u00e7e Jandarma Komutanl\u0131\u011f\u0131 ekipleri, \u00e7e\u015fitli su\u00e7lardan aranan 4 \u015fahs\u0131 yakalad\u0131. Yakalanan 4 \u015fah\u0131s, cezaevine g\u00f6nderildi.<br \/>\n<br \/>Salihli\u2019de jandarma ekiplerinin \u00e7e\u015fitli su\u00e7lardan arama karar\u0131 bulunan \u015fah\u0131slara y\u00f6nelik yapt\u0131\u011f\u0131 \u00e7al\u0131\u015fma sonucu 4 ki\u015fi yakaland\u0131. Jandarma ekipleri, silahla tehdit, uyu\u015fturucu ve fuhu\u015fa arac\u0131l\u0131k ve hakaret gibi \u00e7e\u015fitli su\u00e7lardan aranan ve kesinle\u015fmi\u015f 7 y\u0131l 4 ay 10 g\u00fcn, 3 y\u0131l 3 ay, 2 y\u0131l 4 ay, 3 g\u00fcn, 7 y\u0131l 21 ay 39 g\u00fcn hapis cezas\u0131 bulunan A.F.B. (45), \u0130.K. (32), H.S. (28) ve H.E. (25) yakalad\u0131.<br \/>\n<br \/>Yakalanan 4 \u015f\u00fcpheli, Jandarmadaki i\u015flemlerinin ard\u0131ndan Salihli T Tipi Kapal\u0131 Ceza \u0130nfaz Kurumuna teslim edildi.<br \/><\/p>\n","protected":false},"excerpt":{"rendered":"<p>Sorumluluk alan\u0131nda aranan \u015fah\u0131slara y\u00f6nelik \u00e7al\u0131\u015fmalar\u0131n\u0131 s\u00fcrd\u00fcren Manisa \u0130l Jandarma Komutanl\u0131\u011f\u0131na ba\u011fl\u0131 Salihli \u0130l\u00e7e Jandarma Komutanl\u0131\u011f\u0131 ekipleri, \u00e7e\u015fitli su\u00e7lardan aranan 4 \u015fahs\u0131 yakalad\u0131. Yakalanan 4 \u015fah\u0131s, cezaevine g\u00f6nderildi. Salihli\u2019de jandarma ekiplerinin \u00e7e\u015fitli su\u00e7lardan arama karar\u0131 bulunan \u015fah\u0131slara y\u00f6nelik yapt\u0131\u011f\u0131 \u00e7al\u0131\u015fma sonucu 4 ki\u015fi yakaland\u0131. Jandarma ekipleri, silahla tehdit, uyu\u015fturucu ve fuhu\u015fa arac\u0131l\u0131k ve hakaret gibi&#8230;<\/p>\n","protected":false},"author":1,"featured_media":23802,"comment_status":"open","ping_status":"open","sticky":false,"template":"","format":"standard","meta":{"_crdt_document":"","footnotes":""},"categories":[5],"tags":[],"class_list":["post-23801","post","type-post","status-publish","format-standard","has-post-thumbnail","hentry","category-asayis"],"_links":{"self":[{"href":"https:\/\/www.egemtv.com\/index.php?rest_route=\/wp\/v2\/posts\/23801","targetHints":{"allow":["GET"]}}],"collection":[{"href":"https:\/\/www.egemtv.com\/index.php?rest_route=\/wp\/v2\/posts"}],"about":[{"href":"https:\/\/www.egemtv.com\/index.php?rest_route=\/wp\/v2\/types\/post"}],"author":[{"embeddable":true,"href":"https:\/\/www.egemtv.com\/index.php?rest_route=\/wp\/v2\/users\/1"}],"replies":[{"embeddable":true,"href":"https:\/\/www.egemtv.com\/index.php?rest_route=%2Fwp%2Fv2%2Fcomments&post=23801"}],"version-history":[{"count":1,"href":"https:\/\/www.egemtv.com\/index.php?rest_route=\/wp\/v2\/posts\/23801\/revisions"}],"predecessor-version":[{"id":23803,"href":"https:\/\/www.egemtv.com\/index.php?rest_route=\/wp\/v2\/posts\/23801\/revisions\/23803"}],"wp:featuredmedia":[{"embeddable":true,"href":"https:\/\/www.egemtv.com\/index.php?rest_route=\/wp\/v2\/media\/23802"}],"wp:attachment":[{"href":"https:\/\/www.egemtv.com\/index.php?rest_route=%2Fwp%2Fv2%2Fmedia&parent=23801"}],"wp:term":[{"taxonomy":"category","embeddable":true,"href":"https:\/\/www.egemtv.com\/index.php?rest_route=%2Fwp%2Fv2%2Fcategories&post=23801"},{"taxonomy":"post_tag","embeddable":true,"href":"https:\/\/www.egemtv.com\/index.php?rest_route=%2Fwp%2Fv2%2Ftags&post=23801"}],"curies":[{"name":"wp","href":"https:\/\/api.w.org\/{rel}","templated":true}]}}