{"id":23798,"date":"2025-03-04T14:28:53","date_gmt":"2025-03-04T11:28:53","guid":{"rendered":"https:\/\/www.egemtv.com\/?p=23798"},"modified":"2025-03-04T14:28:56","modified_gmt":"2025-03-04T11:28:56","slug":"manisada-8-marta-ozel-kadin-oyunlari-festivali-duzenlenecek","status":"publish","type":"post","link":"https:\/\/www.egemtv.com\/?p=23798","title":{"rendered":"Manisa\u2019da 8 Mart\u2019a \u00f6zel Kad\u0131n Oyunlar\u0131 Festivali d\u00fczenlenecek"},"content":{"rendered":"<p>Manisa B\u00fcy\u00fck\u015fehir Belediyesi, 8 Mart D\u00fcnya Emek\u00e7i Kad\u0131nlar G\u00fcn\u00fc\u2019n\u00fc sanatla bulu\u015fturan \u00f6zel bir festivale ev sahipli\u011fi yapacak ve \u00e7e\u015fitli etkinlikler d\u00fczenleyecek.<br \/>\n<br \/>Kad\u0131n Oyunlar\u0131 Festivali, 6-11 Mart tarihleri aras\u0131nda tiyatroseverlerle bulu\u015farak, kad\u0131nlar\u0131n toplumsal ya\u015famdaki yerini, kar\u015f\u0131la\u015ft\u0131klar\u0131 zorluklar\u0131 ve \u00f6zg\u00fcrl\u00fck m\u00fccadelelerini sanat\u0131n g\u00fcc\u00fcyle anlatmay\u0131 ama\u00e7l\u0131yor. 8 Mart D\u00fcnya Emek\u00e7i Kad\u0131nlar G\u00fcn\u00fc kapsam\u0131nda tiyatro oyunlar\u0131n\u0131n yan\u0131 s\u0131ra resim sergileri ve gece y\u00fcr\u00fcy\u00fc\u015f\u00fc de d\u00fczenlenecek.<br \/>\n<br \/>Manisa B\u00fcy\u00fck\u015fehir Belediyesi, D\u00fcnya Kad\u0131nlar G\u00fcn\u00fc\u2019ne \u00f6zel olarak d\u00fczenledi\u011fi etkinlikler ve ev sahipli\u011fi yapaca\u011f\u0131 tiyatro festivali ile kad\u0131n hikayelerini sanatla bulu\u015fturacak. Kad\u0131n Oyunlar\u0131 Festivali\u2019ndeki tiyatro oyunlar\u0131n\u0131n yan\u0131 s\u0131ra ger\u00e7ekle\u015ftirilecek resim sergileri ve gece y\u00fcr\u00fcy\u00fc\u015f\u00fc de fark\u0131ndal\u0131k olu\u015fturmay\u0131 ama\u00e7l\u0131yor. \u015eehir Tiyatrosu U\u011fur Mumcu Sahnesi\u2019nde 6 &#8211; 8 &#8211; 9 &#8211; 10 ve 11 Mart saat 21.00\u2019de sahnelenecek oyunlar, izleyicilere duygusal ve d\u00fc\u015f\u00fcnd\u00fcr\u00fcc\u00fc anlar ya\u015fatacak. Festivalin a\u00e7\u0131l\u0131\u015f\u0131, 6 Mart\u2019ta Dea Acy\u2019nin yazd\u0131\u011f\u0131 &#8220;G\u00fclistan, G\u00fcl Bah\u00e7esi Yani&#8221; adl\u0131 oyunla yap\u0131lacak. Kad\u0131nlar\u0131n maruz kald\u0131\u011f\u0131 toplumsal bask\u0131lar\u0131 ve \u00f6zg\u00fcrl\u00fck m\u00fccadelesini anlatan oyun, G\u00fclistan karakteri \u00fczerinden kad\u0131n dayan\u0131\u015fmas\u0131n\u0131n \u00f6nemini vurgulayacak. 7 Mart\u2019ta saat 14.00\u2019te K\u00fclt\u00fcr Merkezi\u2019nde, \u2019Hayat\u0131n \u0130\u00e7inde Kad\u0131n\u2019 Foto\u011fraf Sergisi ve \u2019Kad\u0131n\u0131n Rengi\u2019 Resim Sergisi a\u00e7\u0131larak ziyaret\u00e7ilerini a\u011f\u0131rlayacak.<\/p>\n<p>Sanatta, siyasette, i\u015fte, hayatta kad\u0131nlar\u0131n yolculu\u011fu<br \/>\n<br \/>8 Mart D\u00fcnya Emek\u00e7i Kad\u0131nlar G\u00fcn\u00fc\u2019nde sahnelenecek &#8220;Hikayesinde Senden Bahsetti&#8221; adl\u0131 tiyatro oyunu ise bir kad\u0131n\u0131n sanat ve edebiyat arac\u0131l\u0131\u011f\u0131yla kendini ke\u015ffetme yolculu\u011funu konu al\u0131yor. Kad\u0131nl\u0131k deneyimi, toplumsal roller ve bireysel \u00f6zg\u00fcrl\u00fck \u00fczerine d\u00fc\u015f\u00fcnd\u00fcr\u00fcc\u00fc bir anlat\u0131m sunan oyun, izleyicileri derin bir i\u00e7 yolculu\u011fa davet edecek. Yine 8 Mart Cumartesi g\u00fcn\u00fc saat 20.30\u2019da K\u00fclt\u00fcr Merkezi Lale Salonu\u2019nda ger\u00e7ekle\u015fecek \u2019Sanatta, Siyasette, \u0130\u015fte, Hayatta Kad\u0131nlar\u0131n Yolculu\u011fu\u2019 adl\u0131 panel ile ba\u015flayacak etkinlik, saat 22.00\u2019de K\u00fclt\u00fcr Merkezi \u00f6n\u00fcnden ba\u015flay\u0131p 15 Temmuz Demokrasi Meydan\u0131\u2019nda sona erecek &#8220;Kad\u0131nlar Y\u00fcr\u00fcyor, Gece Ayd\u0131nlan\u0131yor&#8221; y\u00fcr\u00fcy\u00fc\u015f\u00fc ile devam edecek.<\/p>\n<p>Toplumsal cinsiyet e\u015fitli\u011fi ile kad\u0131n haklar\u0131<br \/>\n<br \/>Festival, 9 Mart\u2019ta \u2019Sevgi Soysal, Ya\u015famakta Israr Ediyor\u2019 adl\u0131 biyografik oyunla devam edecek. T\u00fcrk edebiyat\u0131n\u0131n \u00f6nemli isimlerinden Sevgi Soysal\u2019\u0131n hayat\u0131ndan esinlenen yap\u0131m, yazar\u0131n toplumsal bask\u0131lara kar\u015f\u0131 sanat yoluyla verdi\u011fi m\u00fccadeleyi g\u00f6zler \u00f6n\u00fcne serecek. 10 Mart\u2019ta sahnelenecek \u2019Yaban Ar\u0131s\u0131\u2019 isimli oyun ise g\u00fc\u00e7l\u00fc bir kad\u0131n karakterin ge\u00e7mi\u015f travmalar\u0131, bast\u0131r\u0131lm\u0131\u015f duygular\u0131 ve y\u00fczle\u015fmeleri \u00fczerine \u00e7arp\u0131c\u0131 bir hikaye sunacak. Festivalin kapan\u0131\u015f\u0131 ise 11 Mart\u2019ta, \u0130sra Serengil\u2019in yazd\u0131\u011f\u0131 \u2019Fok Derisi Kavu\u015fma\u2019 adl\u0131 oyunla yap\u0131lacak. \u0130rlanda mitolojisindeki Selkie efsanesinden ilham alan eser, kad\u0131n kimli\u011fi, aidiyet ve \u00f6zg\u00fcrl\u00fck \u00fczerine hem mitolojik hem \u00e7a\u011fda\u015f anlat\u0131mlar\u0131 bir araya getirerek izleyicilere farkl\u0131 bir perspektif sunacak.<br \/>\n<br \/>Manisa B\u00fcy\u00fck\u015fehir Belediyesi, festival ve etkinliklerle toplumsal cinsiyet e\u015fitli\u011fi ile kad\u0131n haklar\u0131 konusunda fark\u0131ndal\u0131k olu\u015fturmay\u0131, k\u00fclt\u00fcr-sanat etkinlikleri arac\u0131l\u0131\u011f\u0131yla farkl\u0131 bir deneyim sunmay\u0131 hedefliyor.<br \/><\/p>\n","protected":false},"excerpt":{"rendered":"<p>Manisa B\u00fcy\u00fck\u015fehir Belediyesi, 8 Mart D\u00fcnya Emek\u00e7i Kad\u0131nlar G\u00fcn\u00fc\u2019n\u00fc sanatla bulu\u015fturan \u00f6zel bir festivale ev sahipli\u011fi yapacak ve \u00e7e\u015fitli etkinlikler d\u00fczenleyecek. Kad\u0131n Oyunlar\u0131 Festivali, 6-11 Mart tarihleri aras\u0131nda tiyatroseverlerle bulu\u015farak, kad\u0131nlar\u0131n toplumsal ya\u015famdaki yerini, kar\u015f\u0131la\u015ft\u0131klar\u0131 zorluklar\u0131 ve \u00f6zg\u00fcrl\u00fck m\u00fccadelelerini sanat\u0131n g\u00fcc\u00fcyle anlatmay\u0131 ama\u00e7l\u0131yor. 8 Mart D\u00fcnya Emek\u00e7i Kad\u0131nlar G\u00fcn\u00fc kapsam\u0131nda tiyatro oyunlar\u0131n\u0131n yan\u0131 s\u0131ra resim&#8230;<\/p>\n","protected":false},"author":1,"featured_media":23799,"comment_status":"open","ping_status":"open","sticky":false,"template":"","format":"standard","meta":{"_crdt_document":"","footnotes":""},"categories":[1],"tags":[],"class_list":["post-23798","post","type-post","status-publish","format-standard","has-post-thumbnail","hentry","category-guncel"],"_links":{"self":[{"href":"https:\/\/www.egemtv.com\/index.php?rest_route=\/wp\/v2\/posts\/23798","targetHints":{"allow":["GET"]}}],"collection":[{"href":"https:\/\/www.egemtv.com\/index.php?rest_route=\/wp\/v2\/posts"}],"about":[{"href":"https:\/\/www.egemtv.com\/index.php?rest_route=\/wp\/v2\/types\/post"}],"author":[{"embeddable":true,"href":"https:\/\/www.egemtv.com\/index.php?rest_route=\/wp\/v2\/users\/1"}],"replies":[{"embeddable":true,"href":"https:\/\/www.egemtv.com\/index.php?rest_route=%2Fwp%2Fv2%2Fcomments&post=23798"}],"version-history":[{"count":1,"href":"https:\/\/www.egemtv.com\/index.php?rest_route=\/wp\/v2\/posts\/23798\/revisions"}],"predecessor-version":[{"id":23800,"href":"https:\/\/www.egemtv.com\/index.php?rest_route=\/wp\/v2\/posts\/23798\/revisions\/23800"}],"wp:featuredmedia":[{"embeddable":true,"href":"https:\/\/www.egemtv.com\/index.php?rest_route=\/wp\/v2\/media\/23799"}],"wp:attachment":[{"href":"https:\/\/www.egemtv.com\/index.php?rest_route=%2Fwp%2Fv2%2Fmedia&parent=23798"}],"wp:term":[{"taxonomy":"category","embeddable":true,"href":"https:\/\/www.egemtv.com\/index.php?rest_route=%2Fwp%2Fv2%2Fcategories&post=23798"},{"taxonomy":"post_tag","embeddable":true,"href":"https:\/\/www.egemtv.com\/index.php?rest_route=%2Fwp%2Fv2%2Ftags&post=23798"}],"curies":[{"name":"wp","href":"https:\/\/api.w.org\/{rel}","templated":true}]}}