{"id":23795,"date":"2025-03-04T14:28:48","date_gmt":"2025-03-04T11:28:48","guid":{"rendered":"https:\/\/www.egemtv.com\/?p=23795"},"modified":"2025-03-04T14:28:52","modified_gmt":"2025-03-04T11:28:52","slug":"salihlili-4-judocuya-eju-avrupa-kupasinda-milli-gorev","status":"publish","type":"post","link":"https:\/\/www.egemtv.com\/?p=23795","title":{"rendered":"Salihlili 4 judocuya Eju Avrupa Kupas\u0131\u2019nda milli g\u00f6rev"},"content":{"rendered":"<p>Salihli Belediye Spor Kul\u00fcb\u00fc sporcular\u0131ndan Celal G\u00fcnd\u00fcz, G\u00fcner K\u0131ymet Diker, Merve \u00c7\u0131nar ve M\u00fcr\u00fcvetnur \u00d6zkan, Judo Eju Avrupa Kupas\u0131\u2019nda milli tak\u0131m formas\u0131 alt\u0131nda madalya arayacak.<br \/>\n<br \/>7-9 Mart tarihinde Antalya\u2019da d\u00fczenlenecek olan Judo Eju Avrupa Kupas\u0131\u2019nda Salihli Belediyespor\u2019un ba\u015far\u0131l\u0131 judocular\u0131 Celal G\u00fcnd\u00fcz, G\u00fcner K\u0131ymet Diker, Merve \u00c7\u0131nar ve M\u00fcr\u00fcvetnur \u00d6zkan, Ay-y\u0131ld\u0131zl\u0131 forma ile madalya m\u00fccadelesi verecek.<br \/>\n<br \/>Salihli Belediye Ba\u015fkan\u0131 Mazlum Nurlu, milli tak\u0131m formas\u0131 ile Judo Eju Avrupa Kupas\u0131\u2019nda milli tak\u0131m ve Salihli Belediyespor\u2019u temsil edecek olan G\u00fcnd\u00fcz, Diker, \u00c7\u0131nar ve \u00d6zkan\u2019a ba\u015far\u0131lar diledi.<br \/><\/p>\n","protected":false},"excerpt":{"rendered":"<p>Salihli Belediye Spor Kul\u00fcb\u00fc sporcular\u0131ndan Celal G\u00fcnd\u00fcz, G\u00fcner K\u0131ymet Diker, Merve \u00c7\u0131nar ve M\u00fcr\u00fcvetnur \u00d6zkan, Judo Eju Avrupa Kupas\u0131\u2019nda milli tak\u0131m formas\u0131 alt\u0131nda madalya arayacak. 7-9 Mart tarihinde Antalya\u2019da d\u00fczenlenecek olan Judo Eju Avrupa Kupas\u0131\u2019nda Salihli Belediyespor\u2019un ba\u015far\u0131l\u0131 judocular\u0131 Celal G\u00fcnd\u00fcz, G\u00fcner K\u0131ymet Diker, Merve \u00c7\u0131nar ve M\u00fcr\u00fcvetnur \u00d6zkan, Ay-y\u0131ld\u0131zl\u0131 forma ile madalya m\u00fccadelesi verecek&#8230;.<\/p>\n","protected":false},"author":1,"featured_media":23796,"comment_status":"open","ping_status":"open","sticky":false,"template":"","format":"standard","meta":{"_crdt_document":"","footnotes":""},"categories":[4],"tags":[],"class_list":["post-23795","post","type-post","status-publish","format-standard","has-post-thumbnail","hentry","category-spor"],"_links":{"self":[{"href":"https:\/\/www.egemtv.com\/index.php?rest_route=\/wp\/v2\/posts\/23795","targetHints":{"allow":["GET"]}}],"collection":[{"href":"https:\/\/www.egemtv.com\/index.php?rest_route=\/wp\/v2\/posts"}],"about":[{"href":"https:\/\/www.egemtv.com\/index.php?rest_route=\/wp\/v2\/types\/post"}],"author":[{"embeddable":true,"href":"https:\/\/www.egemtv.com\/index.php?rest_route=\/wp\/v2\/users\/1"}],"replies":[{"embeddable":true,"href":"https:\/\/www.egemtv.com\/index.php?rest_route=%2Fwp%2Fv2%2Fcomments&post=23795"}],"version-history":[{"count":1,"href":"https:\/\/www.egemtv.com\/index.php?rest_route=\/wp\/v2\/posts\/23795\/revisions"}],"predecessor-version":[{"id":23797,"href":"https:\/\/www.egemtv.com\/index.php?rest_route=\/wp\/v2\/posts\/23795\/revisions\/23797"}],"wp:featuredmedia":[{"embeddable":true,"href":"https:\/\/www.egemtv.com\/index.php?rest_route=\/wp\/v2\/media\/23796"}],"wp:attachment":[{"href":"https:\/\/www.egemtv.com\/index.php?rest_route=%2Fwp%2Fv2%2Fmedia&parent=23795"}],"wp:term":[{"taxonomy":"category","embeddable":true,"href":"https:\/\/www.egemtv.com\/index.php?rest_route=%2Fwp%2Fv2%2Fcategories&post=23795"},{"taxonomy":"post_tag","embeddable":true,"href":"https:\/\/www.egemtv.com\/index.php?rest_route=%2Fwp%2Fv2%2Ftags&post=23795"}],"curies":[{"name":"wp","href":"https:\/\/api.w.org\/{rel}","templated":true}]}}