{"id":23792,"date":"2025-03-04T14:08:46","date_gmt":"2025-03-04T11:08:46","guid":{"rendered":"https:\/\/www.egemtv.com\/?p=23792"},"modified":"2025-03-04T14:08:51","modified_gmt":"2025-03-04T11:08:51","slug":"guzelbahceye-guzbel-market-geliyor","status":"publish","type":"post","link":"https:\/\/www.egemtv.com\/?p=23792","title":{"rendered":"G\u00fczelbah\u00e7e\u2019ye G\u00dcZBEL Market geliyor"},"content":{"rendered":"<p>G\u00fczelbah\u00e7e Belediye Ba\u015fkan\u0131 Mustafa G\u00fcnay, G\u00fczelbah\u00e7e Atat\u00fcrk Mahallesi\u2019ne G\u00dcZBEL Market a\u00e7\u0131laca\u011f\u0131n\u0131n m\u00fcjdesini verdi.<br \/>\n<br \/>G\u00fczelbah\u00e7e Belediye Meclisi, Mart ay\u0131n\u0131n meclis toplant\u0131s\u0131 i\u00e7in G\u00fczelbah\u00e7e Atat\u00fcrk K\u00fclt\u00fcr Merkezi\u2019nde bir araya geldi. STK ba\u015fkan ve temsilcileri, mahalle muhtarlar\u0131 ve vatanda\u015flar\u0131n da takip etti\u011fi meclis oturumunu y\u00f6neten G\u00fczelbah\u00e7e Belediye Ba\u015fkan\u0131 Mustafa G\u00fcnay, G\u00fczelbah\u00e7e\u2019de yap\u0131lan i\u015flerle ilgili genel bir bilgilendirme yapt\u0131.<br \/>\n<br \/>Market i\u00e7in gerekli \u00e7al\u0131\u015fmalara ba\u015flad\u0131klar\u0131n\u0131 belirten G\u00fczelbah\u00e7e Belediye Ba\u015fkan\u0131 Mustafa G\u00fcnay, &#8220;G\u00fczelbah\u00e7e\u2019nin en eski mahallelerinden Atat\u00fcrk Mahallesine ilk \u2018G\u00fczbel Market\u2019i a\u00e7aca\u011f\u0131z. Yer ile ilgili g\u00f6r\u00fc\u015fmemizi sa\u011flad\u0131k yak\u0131n zamanda da s\u00f6zle\u015fmesini imzalayaca\u011f\u0131z. G\u00fczbel Marketin ilkini Atat\u00fcrk Mahallesine, ikincisini Yelki mahallesine ve devam\u0131nda bu market zincirimizi a\u00e7maya devam edece\u011fiz. \u00d6nceli\u011fimiz dar gelirli ailelerin ya\u015fam\u0131\u015f oldu\u011fu mahallelerde market a\u00e7arak vatanda\u015flar\u0131m\u0131z\u0131n ekonomik olarak al\u0131\u015f veri\u015f yapabilecekleri bir durum olu\u015fturmak. Vatanda\u015flar\u0131m\u0131z ekonomik olarak ciddi s\u0131k\u0131nt\u0131lar ya\u015f\u0131yor. \u0130nsanlar\u0131m\u0131z evine ekmek almakta bile zorlan\u0131r duruma geldi. Yerel y\u00f6netimler olarak vatanda\u015flar\u0131m\u0131z\u0131n her t\u00fcrl\u00fc s\u0131k\u0131nt\u0131s\u0131nda yanlar\u0131nda olmaya bu i\u015fe ba\u015flarken s\u00f6z vermi\u015ftik. Halka uygun fiyatl\u0131, kaliteli \u00fcr\u00fcn sunmak, sosyal ya\u015fam\u0131 desteklemek ve \u00f6rnek uygulama hedefliyoruz. Okullardan tutun, \u00e7ift\u00e7ilere deste\u011fe, kafelerimizde indirimlere kadar bir\u00e7ok konuda destek olmaya \u00e7al\u0131\u015f\u0131yoruz. A\u00e7aca\u011f\u0131m\u0131z marketlerde vatanda\u015flar\u0131m\u0131z uygun fiyata al\u0131\u015f veri\u015f yapabilecekler. Alkoll\u00fc \u00fcr\u00fcnler d\u0131\u015f\u0131nda,  g\u0131da, temizlik \u00fcr\u00fcnleri, et \u00fcr\u00fcnleri, s\u00fct \u00fcr\u00fcnleri, ki\u015fisel bak\u0131m \u00fcr\u00fcnleri ve el eme\u011fi \u00fcr\u00fcnlere marketimizde yer verece\u011fiz. \u015eimdiden halk\u0131m\u0131za hay\u0131rl\u0131 olsun&#8221; diye konu\u015ftu.<br \/><\/p>\n","protected":false},"excerpt":{"rendered":"<p>G\u00fczelbah\u00e7e Belediye Ba\u015fkan\u0131 Mustafa G\u00fcnay, G\u00fczelbah\u00e7e Atat\u00fcrk Mahallesi\u2019ne G\u00dcZBEL Market a\u00e7\u0131laca\u011f\u0131n\u0131n m\u00fcjdesini verdi. G\u00fczelbah\u00e7e Belediye Meclisi, Mart ay\u0131n\u0131n meclis toplant\u0131s\u0131 i\u00e7in G\u00fczelbah\u00e7e Atat\u00fcrk K\u00fclt\u00fcr Merkezi\u2019nde bir araya geldi. STK ba\u015fkan ve temsilcileri, mahalle muhtarlar\u0131 ve vatanda\u015flar\u0131n da takip etti\u011fi meclis oturumunu y\u00f6neten G\u00fczelbah\u00e7e Belediye Ba\u015fkan\u0131 Mustafa G\u00fcnay, G\u00fczelbah\u00e7e\u2019de yap\u0131lan i\u015flerle ilgili genel bir bilgilendirme yapt\u0131&#8230;.<\/p>\n","protected":false},"author":1,"featured_media":23793,"comment_status":"open","ping_status":"open","sticky":false,"template":"","format":"standard","meta":{"_crdt_document":"","footnotes":""},"categories":[1],"tags":[],"class_list":["post-23792","post","type-post","status-publish","format-standard","has-post-thumbnail","hentry","category-guncel"],"_links":{"self":[{"href":"https:\/\/www.egemtv.com\/index.php?rest_route=\/wp\/v2\/posts\/23792","targetHints":{"allow":["GET"]}}],"collection":[{"href":"https:\/\/www.egemtv.com\/index.php?rest_route=\/wp\/v2\/posts"}],"about":[{"href":"https:\/\/www.egemtv.com\/index.php?rest_route=\/wp\/v2\/types\/post"}],"author":[{"embeddable":true,"href":"https:\/\/www.egemtv.com\/index.php?rest_route=\/wp\/v2\/users\/1"}],"replies":[{"embeddable":true,"href":"https:\/\/www.egemtv.com\/index.php?rest_route=%2Fwp%2Fv2%2Fcomments&post=23792"}],"version-history":[{"count":1,"href":"https:\/\/www.egemtv.com\/index.php?rest_route=\/wp\/v2\/posts\/23792\/revisions"}],"predecessor-version":[{"id":23794,"href":"https:\/\/www.egemtv.com\/index.php?rest_route=\/wp\/v2\/posts\/23792\/revisions\/23794"}],"wp:featuredmedia":[{"embeddable":true,"href":"https:\/\/www.egemtv.com\/index.php?rest_route=\/wp\/v2\/media\/23793"}],"wp:attachment":[{"href":"https:\/\/www.egemtv.com\/index.php?rest_route=%2Fwp%2Fv2%2Fmedia&parent=23792"}],"wp:term":[{"taxonomy":"category","embeddable":true,"href":"https:\/\/www.egemtv.com\/index.php?rest_route=%2Fwp%2Fv2%2Fcategories&post=23792"},{"taxonomy":"post_tag","embeddable":true,"href":"https:\/\/www.egemtv.com\/index.php?rest_route=%2Fwp%2Fv2%2Ftags&post=23792"}],"curies":[{"name":"wp","href":"https:\/\/api.w.org\/{rel}","templated":true}]}}