{"id":23786,"date":"2025-03-04T13:47:07","date_gmt":"2025-03-04T10:47:07","guid":{"rendered":"https:\/\/www.egemtv.com\/?p=23786"},"modified":"2025-03-04T13:47:13","modified_gmt":"2025-03-04T10:47:13","slug":"kuraklik-barajlardaki-balik-populasyonu-etkiledi","status":"publish","type":"post","link":"https:\/\/www.egemtv.com\/?p=23786","title":{"rendered":"Kurakl\u0131k, barajlardaki bal\u0131k pop\u00fclasyonu etkiledi"},"content":{"rendered":"<p>Ayd\u0131n\u2019\u0131n \u00f6nemli barajlar\u0131ndan olan Kemer Baraj\u0131\u2019nda av yasa\u011f\u0131 \u00f6ncesinde yakalad\u0131klar\u0131 bal\u0131klar\u0131n\u0131 t\u00fcketmeye \u00e7al\u0131\u015fan bal\u0131k\u00e7\u0131lar, son y\u0131llarda ya\u015fanan kurakl\u0131\u011f\u0131n bal\u0131k pop\u00fclasyonlar\u0131n\u0131 da etkiledi\u011fini belirtti.<\/p>\n<p>Ayd\u0131n\u2019da bal\u0131k\u00e7\u0131lar 1 Mart itibariyle gelen av yasa\u011f\u0131 ile birlikte sezonu kapat\u0131rken, bir yandan da yasak \u00f6ncesi yakalad\u0131klar\u0131 bal\u0131klar\u0131n\u0131 t\u00fcketmeye \u00e7al\u0131\u015f\u0131yor. Nazilli il\u00e7esinde uzun y\u0131llard\u0131r bal\u0131k\u00e7\u0131l\u0131k yapan Serkan Saymaz da tatl\u0131 su bal\u0131k\u00e7\u0131l\u0131\u011f\u0131ndaki s\u0131k\u0131nt\u0131lar\u0131 dile getirirken, zaman zaman 100 kilonun \u00fczerine \u00e7\u0131kan yay\u0131n bal\u0131klar\u0131n\u0131n bile azald\u0131\u011f\u0131n\u0131 s\u00f6yledi. Son olarak yakalad\u0131\u011f\u0131 30 kiloluk yay\u0131n bal\u0131\u011f\u0131n\u0131 sat\u0131\u015fa sunan Saymaz; &#8220;Bunu ge\u00e7en hafta yasaklardan \u00f6nce Kemer Baraj\u0131\u2019ndan tuttuk. Bu tuttu\u011fumuz 30 kilo civar\u0131 ama ufak bu, daha \u00f6nce 56 kilo vard\u0131 onu satt\u0131k. Barajda yay\u0131n bal\u0131klar\u0131n\u0131n 100 kilonun \u00fczerine \u00e7\u0131kt\u0131\u011f\u0131 oluyor. Fakat barajda bal\u0131k \u00e7ok yok. Genelde tuttuklar\u0131m\u0131z, restoranlara anca yetiyor a\u00e7\u0131k\u00e7as\u0131. Ama Ramazan dolay\u0131s\u0131yla restoranlar kapal\u0131 olunca bunlar\u0131 da tezgah\u0131m\u0131zda sat\u0131yoruz. Kilosu 400 TL et olarak. B\u00fct\u00fcn haliyle almak isteyen olursa 250 TL\u2019den veriyoruz. \u00c7\u00fcnk\u00fc kesti\u011fi zaman kafas\u0131 kuyru\u011fu i\u00e7i derken y\u00fczde 40\u2019a yak\u0131n bir fire oluyor&#8221; dedi.<\/p>\n<p>&#8220;Eski bal\u0131klar \u00e7\u0131km\u0131yor art\u0131k&#8221;<br \/>\n<br \/>Barajdaki bal\u0131k say\u0131s\u0131n\u0131n kurakl\u0131k sebebiyle giderek azald\u0131\u011f\u0131n\u0131 dile getiren Saymaz; &#8220;Bizim buralarda \u00e7o\u011fu dereler kurudu\u011fu i\u00e7in bal\u0131k pop\u00fclasyonunda da d\u00fc\u015f\u00fc\u015f ya\u015fand\u0131. Bal\u0131klar havyar att\u0131\u011f\u0131 zaman tutmuyor, kuru oldu\u011fu i\u00e7in yavru olmuyor. Bal\u0131k pop\u00fclasyonu bitti desek olacak yani. Eski bal\u0131klar \u00e7\u0131km\u0131yor art\u0131k. Bal\u0131k\u00e7\u0131l\u0131k eskisi gibi de\u011fil maalesef. Bizim tatl\u0131 suda \u00e7e\u015fitlerimizde sazan t\u00fcrleri oluyor, sivri sazan, yay\u0131n oluyor. Fakat vatanda\u015f\u0131n al\u0131m g\u00fcc\u00fc d\u00fc\u015ft\u00fck\u00e7e sat\u0131\u015flarda da d\u00fc\u015f\u00fc\u015f oluyor tabi. Kalabal\u0131k bir ailenin 3-4 kilo bal\u0131k almas\u0131 zorla\u015ft\u0131. Yani eskisi gibi sat\u0131\u015flar olmuyor&#8221; dedi.<br \/><\/p>\n","protected":false},"excerpt":{"rendered":"<p>Ayd\u0131n\u2019\u0131n \u00f6nemli barajlar\u0131ndan olan Kemer Baraj\u0131\u2019nda av yasa\u011f\u0131 \u00f6ncesinde yakalad\u0131klar\u0131 bal\u0131klar\u0131n\u0131 t\u00fcketmeye \u00e7al\u0131\u015fan bal\u0131k\u00e7\u0131lar, son y\u0131llarda ya\u015fanan kurakl\u0131\u011f\u0131n bal\u0131k pop\u00fclasyonlar\u0131n\u0131 da etkiledi\u011fini belirtti. Ayd\u0131n\u2019da bal\u0131k\u00e7\u0131lar 1 Mart itibariyle gelen av yasa\u011f\u0131 ile birlikte sezonu kapat\u0131rken, bir yandan da yasak \u00f6ncesi yakalad\u0131klar\u0131 bal\u0131klar\u0131n\u0131 t\u00fcketmeye \u00e7al\u0131\u015f\u0131yor. Nazilli il\u00e7esinde uzun y\u0131llard\u0131r bal\u0131k\u00e7\u0131l\u0131k yapan Serkan Saymaz da tatl\u0131 su&#8230;<\/p>\n","protected":false},"author":1,"featured_media":23787,"comment_status":"open","ping_status":"open","sticky":false,"template":"","format":"standard","meta":{"_crdt_document":"","footnotes":""},"categories":[1],"tags":[],"class_list":["post-23786","post","type-post","status-publish","format-standard","has-post-thumbnail","hentry","category-guncel"],"_links":{"self":[{"href":"https:\/\/www.egemtv.com\/index.php?rest_route=\/wp\/v2\/posts\/23786","targetHints":{"allow":["GET"]}}],"collection":[{"href":"https:\/\/www.egemtv.com\/index.php?rest_route=\/wp\/v2\/posts"}],"about":[{"href":"https:\/\/www.egemtv.com\/index.php?rest_route=\/wp\/v2\/types\/post"}],"author":[{"embeddable":true,"href":"https:\/\/www.egemtv.com\/index.php?rest_route=\/wp\/v2\/users\/1"}],"replies":[{"embeddable":true,"href":"https:\/\/www.egemtv.com\/index.php?rest_route=%2Fwp%2Fv2%2Fcomments&post=23786"}],"version-history":[{"count":1,"href":"https:\/\/www.egemtv.com\/index.php?rest_route=\/wp\/v2\/posts\/23786\/revisions"}],"predecessor-version":[{"id":23788,"href":"https:\/\/www.egemtv.com\/index.php?rest_route=\/wp\/v2\/posts\/23786\/revisions\/23788"}],"wp:featuredmedia":[{"embeddable":true,"href":"https:\/\/www.egemtv.com\/index.php?rest_route=\/wp\/v2\/media\/23787"}],"wp:attachment":[{"href":"https:\/\/www.egemtv.com\/index.php?rest_route=%2Fwp%2Fv2%2Fmedia&parent=23786"}],"wp:term":[{"taxonomy":"category","embeddable":true,"href":"https:\/\/www.egemtv.com\/index.php?rest_route=%2Fwp%2Fv2%2Fcategories&post=23786"},{"taxonomy":"post_tag","embeddable":true,"href":"https:\/\/www.egemtv.com\/index.php?rest_route=%2Fwp%2Fv2%2Ftags&post=23786"}],"curies":[{"name":"wp","href":"https:\/\/api.w.org\/{rel}","templated":true}]}}