{"id":23783,"date":"2025-03-04T13:47:00","date_gmt":"2025-03-04T10:47:00","guid":{"rendered":"https:\/\/www.egemtv.com\/?p=23783"},"modified":"2025-03-04T13:47:06","modified_gmt":"2025-03-04T10:47:06","slug":"baskan-cercioglu-jeoloji-muhendisleri-ile-gorustu","status":"publish","type":"post","link":"https:\/\/www.egemtv.com\/?p=23783","title":{"rendered":"Ba\u015fkan \u00c7er\u00e7io\u011flu, Jeoloji m\u00fchendisleri ile g\u00f6r\u00fc\u015ft\u00fc"},"content":{"rendered":"<p>Ayd\u0131n B\u00fcy\u00fck\u015fehir Belediye Ba\u015fkan\u0131 \u00d6zlem \u00c7er\u00e7io\u011flu ile Jeoloji M\u00fchendisleri Odas\u0131 Ayd\u0131n \u0130l Temsilcisi Salih Kaymak ve y\u00f6netimi bir araya geldi.<\/p>\n<p>B\u00fcy\u00fck\u015fehir Belediyesi taraf\u0131ndan deprem konusunda ger\u00e7ekle\u015ftirilen \u00e7al\u0131\u015fmalar\u0131n g\u00f6r\u00fc\u015f\u00fcld\u00fc\u011f\u00fc ziyarette Kaymak ve y\u00f6netimi, yap\u0131lan \u00e7al\u0131\u015fmalardan memnuniyet duyduklar\u0131n\u0131 ifade etti. \u00c7er\u00e7io\u011flu ise Kaymak ve y\u00f6netimine nazik ziyaretleri i\u00e7in te\u015fekk\u00fcr ederek deprem konusunda ger\u00e7ekle\u015ftirilen \u00e7al\u0131\u015fmalar\u0131n\u0131n Jeoloji M\u00fchendisleri Odas\u0131 ile birlikte devam ettirilece\u011fini belirtti.<br \/><\/p>\n","protected":false},"excerpt":{"rendered":"<p>Ayd\u0131n B\u00fcy\u00fck\u015fehir Belediye Ba\u015fkan\u0131 \u00d6zlem \u00c7er\u00e7io\u011flu ile Jeoloji M\u00fchendisleri Odas\u0131 Ayd\u0131n \u0130l Temsilcisi Salih Kaymak ve y\u00f6netimi bir araya geldi. B\u00fcy\u00fck\u015fehir Belediyesi taraf\u0131ndan deprem konusunda ger\u00e7ekle\u015ftirilen \u00e7al\u0131\u015fmalar\u0131n g\u00f6r\u00fc\u015f\u00fcld\u00fc\u011f\u00fc ziyarette Kaymak ve y\u00f6netimi, yap\u0131lan \u00e7al\u0131\u015fmalardan memnuniyet duyduklar\u0131n\u0131 ifade etti. \u00c7er\u00e7io\u011flu ise Kaymak ve y\u00f6netimine nazik ziyaretleri i\u00e7in te\u015fekk\u00fcr ederek deprem konusunda ger\u00e7ekle\u015ftirilen \u00e7al\u0131\u015fmalar\u0131n\u0131n Jeoloji M\u00fchendisleri Odas\u0131&#8230;<\/p>\n","protected":false},"author":1,"featured_media":23784,"comment_status":"open","ping_status":"open","sticky":false,"template":"","format":"standard","meta":{"_crdt_document":"","footnotes":""},"categories":[1],"tags":[],"class_list":["post-23783","post","type-post","status-publish","format-standard","has-post-thumbnail","hentry","category-guncel"],"_links":{"self":[{"href":"https:\/\/www.egemtv.com\/index.php?rest_route=\/wp\/v2\/posts\/23783","targetHints":{"allow":["GET"]}}],"collection":[{"href":"https:\/\/www.egemtv.com\/index.php?rest_route=\/wp\/v2\/posts"}],"about":[{"href":"https:\/\/www.egemtv.com\/index.php?rest_route=\/wp\/v2\/types\/post"}],"author":[{"embeddable":true,"href":"https:\/\/www.egemtv.com\/index.php?rest_route=\/wp\/v2\/users\/1"}],"replies":[{"embeddable":true,"href":"https:\/\/www.egemtv.com\/index.php?rest_route=%2Fwp%2Fv2%2Fcomments&post=23783"}],"version-history":[{"count":1,"href":"https:\/\/www.egemtv.com\/index.php?rest_route=\/wp\/v2\/posts\/23783\/revisions"}],"predecessor-version":[{"id":23785,"href":"https:\/\/www.egemtv.com\/index.php?rest_route=\/wp\/v2\/posts\/23783\/revisions\/23785"}],"wp:featuredmedia":[{"embeddable":true,"href":"https:\/\/www.egemtv.com\/index.php?rest_route=\/wp\/v2\/media\/23784"}],"wp:attachment":[{"href":"https:\/\/www.egemtv.com\/index.php?rest_route=%2Fwp%2Fv2%2Fmedia&parent=23783"}],"wp:term":[{"taxonomy":"category","embeddable":true,"href":"https:\/\/www.egemtv.com\/index.php?rest_route=%2Fwp%2Fv2%2Fcategories&post=23783"},{"taxonomy":"post_tag","embeddable":true,"href":"https:\/\/www.egemtv.com\/index.php?rest_route=%2Fwp%2Fv2%2Ftags&post=23783"}],"curies":[{"name":"wp","href":"https:\/\/api.w.org\/{rel}","templated":true}]}}