{"id":23651,"date":"2025-03-04T09:42:55","date_gmt":"2025-03-04T06:42:55","guid":{"rendered":"https:\/\/www.egemtv.com\/?p=23651"},"modified":"2025-03-04T09:43:01","modified_gmt":"2025-03-04T06:43:01","slug":"aydin-lisesine-modern-kutuphane-kazandirildi","status":"publish","type":"post","link":"https:\/\/www.egemtv.com\/?p=23651","title":{"rendered":"Ayd\u0131n Lisesi\u2019ne modern k\u00fct\u00fcphane kazand\u0131r\u0131ld\u0131"},"content":{"rendered":"<p>Ayd\u0131n Lisesi\u2019nde hay\u0131rsever \u015eerife ve Hilmi Aky\u00fczl\u00fc\u2019n\u00fcn deste\u011fiyle donat\u0131lan, zengin koleksiyonu ve ferah ortam\u0131yla \u00f6\u011frencilerin bilgiye eri\u015fimini kolayla\u015ft\u0131racak k\u00fct\u00fcphane d\u00fczenlenen t\u00f6renle a\u00e7\u0131ld\u0131.<\/p>\n<p>A\u00e7\u0131l\u0131\u015f t\u00f6reninde konu\u015fan \u0130l Milli E\u011fitim M\u00fcd\u00fcr\u00fc S\u00fcleyman Ekici, e\u011fitime yap\u0131lan yat\u0131r\u0131mlar\u0131n gelece\u011fe at\u0131lan en k\u0131ymetli ad\u0131mlardan biri oldu\u011funu belirterek, okuma k\u00fclt\u00fcr\u00fcn\u00fcn yayg\u0131nla\u015ft\u0131r\u0131lmas\u0131 a\u00e7\u0131s\u0131ndan k\u00fct\u00fcphanelerin kritik bir rol oynad\u0131\u011f\u0131n\u0131 vurgulad\u0131.<\/p>\n<p>Hay\u0131rsever \u0130\u015f Adam\u0131 Musa Aky\u00fczl\u00fc\u2019ye e\u011fitime verdi\u011fi de\u011ferli katk\u0131lar dolay\u0131s\u0131yla plaket takdim eden Ekici, desteklerinden dolay\u0131 kendisine te\u015fekk\u00fcr etti.<\/p>\n<p>A\u00e7\u0131l\u0131\u015f kurdelesinin kesilmesiyle birlikte k\u00fct\u00fcphaneyi ziyaret eden protokol \u00fcyeleri, incelemelerde bulundu. Modern donan\u0131m\u0131 ve geni\u015f kitap koleksiyonuyla dikkat \u00e7eken k\u00fct\u00fcphane, \u00f6\u011frencilerin ders \u00e7al\u0131\u015fabilece\u011fi, ara\u015ft\u0131rmalar yapabilece\u011fi ve keyifle kitap okuyabilece\u011fi bir merkez olarak hizmet verecek.<br \/><\/p>\n","protected":false},"excerpt":{"rendered":"<p>Ayd\u0131n Lisesi\u2019nde hay\u0131rsever \u015eerife ve Hilmi Aky\u00fczl\u00fc\u2019n\u00fcn deste\u011fiyle donat\u0131lan, zengin koleksiyonu ve ferah ortam\u0131yla \u00f6\u011frencilerin bilgiye eri\u015fimini kolayla\u015ft\u0131racak k\u00fct\u00fcphane d\u00fczenlenen t\u00f6renle a\u00e7\u0131ld\u0131. A\u00e7\u0131l\u0131\u015f t\u00f6reninde konu\u015fan \u0130l Milli E\u011fitim M\u00fcd\u00fcr\u00fc S\u00fcleyman Ekici, e\u011fitime yap\u0131lan yat\u0131r\u0131mlar\u0131n gelece\u011fe at\u0131lan en k\u0131ymetli ad\u0131mlardan biri oldu\u011funu belirterek, okuma k\u00fclt\u00fcr\u00fcn\u00fcn yayg\u0131nla\u015ft\u0131r\u0131lmas\u0131 a\u00e7\u0131s\u0131ndan k\u00fct\u00fcphanelerin kritik bir rol oynad\u0131\u011f\u0131n\u0131 vurgulad\u0131. Hay\u0131rsever \u0130\u015f Adam\u0131&#8230;<\/p>\n","protected":false},"author":1,"featured_media":23652,"comment_status":"open","ping_status":"open","sticky":false,"template":"","format":"standard","meta":{"_crdt_document":"","footnotes":""},"categories":[1],"tags":[],"class_list":["post-23651","post","type-post","status-publish","format-standard","has-post-thumbnail","hentry","category-guncel"],"_links":{"self":[{"href":"https:\/\/www.egemtv.com\/index.php?rest_route=\/wp\/v2\/posts\/23651","targetHints":{"allow":["GET"]}}],"collection":[{"href":"https:\/\/www.egemtv.com\/index.php?rest_route=\/wp\/v2\/posts"}],"about":[{"href":"https:\/\/www.egemtv.com\/index.php?rest_route=\/wp\/v2\/types\/post"}],"author":[{"embeddable":true,"href":"https:\/\/www.egemtv.com\/index.php?rest_route=\/wp\/v2\/users\/1"}],"replies":[{"embeddable":true,"href":"https:\/\/www.egemtv.com\/index.php?rest_route=%2Fwp%2Fv2%2Fcomments&post=23651"}],"version-history":[{"count":1,"href":"https:\/\/www.egemtv.com\/index.php?rest_route=\/wp\/v2\/posts\/23651\/revisions"}],"predecessor-version":[{"id":23653,"href":"https:\/\/www.egemtv.com\/index.php?rest_route=\/wp\/v2\/posts\/23651\/revisions\/23653"}],"wp:featuredmedia":[{"embeddable":true,"href":"https:\/\/www.egemtv.com\/index.php?rest_route=\/wp\/v2\/media\/23652"}],"wp:attachment":[{"href":"https:\/\/www.egemtv.com\/index.php?rest_route=%2Fwp%2Fv2%2Fmedia&parent=23651"}],"wp:term":[{"taxonomy":"category","embeddable":true,"href":"https:\/\/www.egemtv.com\/index.php?rest_route=%2Fwp%2Fv2%2Fcategories&post=23651"},{"taxonomy":"post_tag","embeddable":true,"href":"https:\/\/www.egemtv.com\/index.php?rest_route=%2Fwp%2Fv2%2Ftags&post=23651"}],"curies":[{"name":"wp","href":"https:\/\/api.w.org\/{rel}","templated":true}]}}