{"id":23648,"date":"2025-03-04T02:26:15","date_gmt":"2025-03-03T23:26:15","guid":{"rendered":"https:\/\/www.egemtv.com\/?p=23648"},"modified":"2025-03-04T02:26:19","modified_gmt":"2025-03-03T23:26:19","slug":"stanimir-stoilov-2-puan-kaybettigimiz-icin-uzgunum","status":"publish","type":"post","link":"https:\/\/www.egemtv.com\/?p=23648","title":{"rendered":"Stanimir Stoilov: &#8220;2 puan kaybetti\u011fimiz i\u00e7in \u00fczg\u00fcn\u00fcm&#8221;"},"content":{"rendered":"<p>G\u00f6ztepe Teknik Direkt\u00f6r\u00fc Stanimir Stoilov, 2 puan kaybettikleri i\u00e7in \u00e7ok \u00fczg\u00fcn olduklar\u0131n\u0131 vurgulayarak, &#8220;Agresiflik, dinamizm ve organizasyon anlam\u0131nda iyilik f\u0131rsatlar yakalad\u0131k. Ancak yedi\u011fimiz gollerden \u00f6t\u00fcr\u00fc ger\u00e7ekten b\u00fcy\u00fck hayal k\u0131r\u0131kl\u0131\u011f\u0131 ya\u015f\u0131yorum&#8221; dedi.<br \/>\n<br \/>Trendyol S\u00fcper Lig\u2019in 26. haftas\u0131nda G\u00f6ztepe, sahas\u0131nda kar\u015f\u0131la\u015ft\u0131\u011f\u0131 Samsunspor ile 2-2 berabere kald\u0131. G\u00f6ztepe Teknik Direkt\u00f6r\u00fc Stanimir Stoilov, kar\u015f\u0131la\u015fma sonras\u0131nda d\u00fczenlenen bas\u0131n toplant\u0131s\u0131nda \u00f6nemli a\u00e7\u0131klamalarda bulundu. Hayal k\u0131r\u0131kl\u0131\u011f\u0131 ya\u015fad\u0131klar\u0131n\u0131 dile getiren Stoilov, &#8220;Bug\u00fcn 2 puan kaybettik ve bundan \u00f6t\u00fcr\u00fc ger\u00e7ekten \u00e7ok \u00fczg\u00fcn\u00fcz. Agresiflik, dinamizm ve organizasyon anlam\u0131nda iyilik f\u0131rsatlar yakalad\u0131k. Ancak yedi\u011fimiz gollerden \u00f6t\u00fcr\u00fc ger\u00e7ekten b\u00fcy\u00fck hayal k\u0131r\u0131kl\u0131\u011f\u0131 ya\u015f\u0131yorum. \u00c7\u00fcnk\u00fc ilk gol\u00fc kontrataktan yedik. \u0130kinci gol\u00fc de cezas\u0131 i\u00e7in de bo\u015f bir oyuncu b\u0131rakt\u0131k marke edemedik ve topu filelerimizde yedik. Bunlar kesinlikle yapmamam\u0131z gereken hatalar. \u0130ki gol de ortadan geldi bundan \u00f6t\u00fcr\u00fc ger\u00e7ekten \u00fczg\u00fcn\u00fcm. \u00dc\u00e7\u00fcnc\u00fc gol\u00fc de atabilirdik fakat bunu de\u011ferlendiremedik. Bakt\u0131\u011f\u0131m\u0131zda genel olarak \u00e7ok iyi ataklar yapamad\u0131k. Ayn\u0131 zamanda bug\u00fcn forvetlerimizi iyi bir \u015fekilde dinamik bir \u015fekilde kullanmak istedik. \u00c7\u00fcnk\u00fc bildi\u011finiz gibi hepsi sakatl\u0131ktan geldi ve \u015fu anda \u00e7ok iyi formlar\u0131nda de\u011filler. Sadece birka\u00e7 antrenmana \u00e7\u0131kt\u0131 baz\u0131lar\u0131 ama onlar\u0131 iyi bir \u015fekilde haz\u0131rlamam\u0131z gerekiyor s\u00fcrekli olarak. \u00c7\u00fcnk\u00fc elimizde ba\u015fka forvet yok. Son dakikada yedi\u011fimiz golden \u00f6t\u00fcr\u00fc ger\u00e7ekten \u00e7ok \u00fczg\u00fcn\u00fcm. Bunlar\u0131n \u00fczerine tekrar \u00e7al\u0131\u015fmam\u0131z gerekiyor b\u00f6yle hatalar\u0131 yapmamam\u0131z gerekiyor. Ayn\u0131 zamanda da ceza sahas\u0131 i\u00e7inde daha isabetli olmal\u0131y\u0131z ve yakalad\u0131\u011f\u0131m\u0131z f\u0131rsatlar\u0131 daha iyi de\u011ferlendirmeliyiz&#8221; diye konu\u015ftu.<br \/><\/p>\n","protected":false},"excerpt":{"rendered":"<p>G\u00f6ztepe Teknik Direkt\u00f6r\u00fc Stanimir Stoilov, 2 puan kaybettikleri i\u00e7in \u00e7ok \u00fczg\u00fcn olduklar\u0131n\u0131 vurgulayarak, &#8220;Agresiflik, dinamizm ve organizasyon anlam\u0131nda iyilik f\u0131rsatlar yakalad\u0131k. Ancak yedi\u011fimiz gollerden \u00f6t\u00fcr\u00fc ger\u00e7ekten b\u00fcy\u00fck hayal k\u0131r\u0131kl\u0131\u011f\u0131 ya\u015f\u0131yorum&#8221; dedi. Trendyol S\u00fcper Lig\u2019in 26. haftas\u0131nda G\u00f6ztepe, sahas\u0131nda kar\u015f\u0131la\u015ft\u0131\u011f\u0131 Samsunspor ile 2-2 berabere kald\u0131. G\u00f6ztepe Teknik Direkt\u00f6r\u00fc Stanimir Stoilov, kar\u015f\u0131la\u015fma sonras\u0131nda d\u00fczenlenen bas\u0131n toplant\u0131s\u0131nda \u00f6nemli&#8230;<\/p>\n","protected":false},"author":1,"featured_media":23649,"comment_status":"open","ping_status":"open","sticky":false,"template":"","format":"standard","meta":{"_crdt_document":"","footnotes":""},"categories":[4],"tags":[],"class_list":["post-23648","post","type-post","status-publish","format-standard","has-post-thumbnail","hentry","category-spor"],"_links":{"self":[{"href":"https:\/\/www.egemtv.com\/index.php?rest_route=\/wp\/v2\/posts\/23648","targetHints":{"allow":["GET"]}}],"collection":[{"href":"https:\/\/www.egemtv.com\/index.php?rest_route=\/wp\/v2\/posts"}],"about":[{"href":"https:\/\/www.egemtv.com\/index.php?rest_route=\/wp\/v2\/types\/post"}],"author":[{"embeddable":true,"href":"https:\/\/www.egemtv.com\/index.php?rest_route=\/wp\/v2\/users\/1"}],"replies":[{"embeddable":true,"href":"https:\/\/www.egemtv.com\/index.php?rest_route=%2Fwp%2Fv2%2Fcomments&post=23648"}],"version-history":[{"count":1,"href":"https:\/\/www.egemtv.com\/index.php?rest_route=\/wp\/v2\/posts\/23648\/revisions"}],"predecessor-version":[{"id":23650,"href":"https:\/\/www.egemtv.com\/index.php?rest_route=\/wp\/v2\/posts\/23648\/revisions\/23650"}],"wp:featuredmedia":[{"embeddable":true,"href":"https:\/\/www.egemtv.com\/index.php?rest_route=\/wp\/v2\/media\/23649"}],"wp:attachment":[{"href":"https:\/\/www.egemtv.com\/index.php?rest_route=%2Fwp%2Fv2%2Fmedia&parent=23648"}],"wp:term":[{"taxonomy":"category","embeddable":true,"href":"https:\/\/www.egemtv.com\/index.php?rest_route=%2Fwp%2Fv2%2Fcategories&post=23648"},{"taxonomy":"post_tag","embeddable":true,"href":"https:\/\/www.egemtv.com\/index.php?rest_route=%2Fwp%2Fv2%2Ftags&post=23648"}],"curies":[{"name":"wp","href":"https:\/\/api.w.org\/{rel}","templated":true}]}}