{"id":23645,"date":"2025-03-04T01:09:32","date_gmt":"2025-03-03T22:09:32","guid":{"rendered":"https:\/\/www.egemtv.com\/?p=23645"},"modified":"2025-03-04T01:09:36","modified_gmt":"2025-03-03T22:09:36","slug":"macin-bitis-duduguyle-birlikte-futbolcu-teknik-heyet-ve-taraftarlar-birbirine-girdi","status":"publish","type":"post","link":"https:\/\/www.egemtv.com\/?p=23645","title":{"rendered":"Ma\u00e7\u0131n biti\u015f d\u00fcd\u00fc\u011f\u00fcyle birlikte futbolcu, teknik heyet ve taraftarlar birbirine girdi"},"content":{"rendered":"<p>Afyonkarahisar\u2019da oynanan U14 yar\u0131 final m\u00fcsabakas\u0131nda biti\u015f d\u00fcd\u00fc\u011f\u00fcn\u00fcn \u00e7almas\u0131yla iki tak\u0131m futbolcular\u0131, teknik heyetleri ve taraftarlar birbirine girdi. Tekme ve yumruklar\u0131n havada u\u00e7u\u015ftu\u011fu kavga polisin m\u00fcdahalesiyle son buldu.<br \/>\n<br \/>Afyonkarahisar U14 yar\u0131 finalinde Safa Gen\u00e7lik Spor ile Anadolu G\u00fcc\u00fc kar\u015f\u0131 kar\u015f\u0131ya geldi. M\u00fcsabaka 9 ki\u015fi kal\u0131nmas\u0131na ra\u011fmen Safa Gen\u00e7lik Spor\u2019un 2-1 galibiyeti ile son buldu. Safa Gen\u00e7lik Spor\u2019un finale y\u00fckseldi\u011fi ma\u00e7\u0131n biti\u015f d\u00fcd\u00fc\u011f\u00fcn\u00fcn \u00e7almas\u0131yla ortal\u0131k kar\u0131\u015ft\u0131. Biti\u015f d\u00fcd\u00fc\u011f\u00fc ile birlikte \u00f6nce futbolcular tekmeli yumruklu kavgaya tutu\u015furken, ard\u0131ndan sahaya giren taraftarlar ve teknik heyet de kavgaya dahil oldu. \u00c7ok say\u0131da ki\u015finin darp sonucu yaraland\u0131\u011f\u0131 olaylar polisin araya girmesiyle son buldu.<br \/><\/p>\n","protected":false},"excerpt":{"rendered":"<p>Afyonkarahisar\u2019da oynanan U14 yar\u0131 final m\u00fcsabakas\u0131nda biti\u015f d\u00fcd\u00fc\u011f\u00fcn\u00fcn \u00e7almas\u0131yla iki tak\u0131m futbolcular\u0131, teknik heyetleri ve taraftarlar birbirine girdi. Tekme ve yumruklar\u0131n havada u\u00e7u\u015ftu\u011fu kavga polisin m\u00fcdahalesiyle son buldu. Afyonkarahisar U14 yar\u0131 finalinde Safa Gen\u00e7lik Spor ile Anadolu G\u00fcc\u00fc kar\u015f\u0131 kar\u015f\u0131ya geldi. M\u00fcsabaka 9 ki\u015fi kal\u0131nmas\u0131na ra\u011fmen Safa Gen\u00e7lik Spor\u2019un 2-1 galibiyeti ile son buldu. Safa&#8230;<\/p>\n","protected":false},"author":1,"featured_media":23646,"comment_status":"open","ping_status":"open","sticky":false,"template":"","format":"standard","meta":{"_crdt_document":"","footnotes":""},"categories":[5],"tags":[],"class_list":["post-23645","post","type-post","status-publish","format-standard","has-post-thumbnail","hentry","category-asayis"],"_links":{"self":[{"href":"https:\/\/www.egemtv.com\/index.php?rest_route=\/wp\/v2\/posts\/23645","targetHints":{"allow":["GET"]}}],"collection":[{"href":"https:\/\/www.egemtv.com\/index.php?rest_route=\/wp\/v2\/posts"}],"about":[{"href":"https:\/\/www.egemtv.com\/index.php?rest_route=\/wp\/v2\/types\/post"}],"author":[{"embeddable":true,"href":"https:\/\/www.egemtv.com\/index.php?rest_route=\/wp\/v2\/users\/1"}],"replies":[{"embeddable":true,"href":"https:\/\/www.egemtv.com\/index.php?rest_route=%2Fwp%2Fv2%2Fcomments&post=23645"}],"version-history":[{"count":1,"href":"https:\/\/www.egemtv.com\/index.php?rest_route=\/wp\/v2\/posts\/23645\/revisions"}],"predecessor-version":[{"id":23647,"href":"https:\/\/www.egemtv.com\/index.php?rest_route=\/wp\/v2\/posts\/23645\/revisions\/23647"}],"wp:featuredmedia":[{"embeddable":true,"href":"https:\/\/www.egemtv.com\/index.php?rest_route=\/wp\/v2\/media\/23646"}],"wp:attachment":[{"href":"https:\/\/www.egemtv.com\/index.php?rest_route=%2Fwp%2Fv2%2Fmedia&parent=23645"}],"wp:term":[{"taxonomy":"category","embeddable":true,"href":"https:\/\/www.egemtv.com\/index.php?rest_route=%2Fwp%2Fv2%2Fcategories&post=23645"},{"taxonomy":"post_tag","embeddable":true,"href":"https:\/\/www.egemtv.com\/index.php?rest_route=%2Fwp%2Fv2%2Ftags&post=23645"}],"curies":[{"name":"wp","href":"https:\/\/api.w.org\/{rel}","templated":true}]}}