{"id":23642,"date":"2025-03-04T00:06:48","date_gmt":"2025-03-03T21:06:48","guid":{"rendered":"https:\/\/www.egemtv.com\/?p=23642"},"modified":"2025-03-04T00:06:52","modified_gmt":"2025-03-03T21:06:52","slug":"thomas-reis-cilginca-bir-mac-oldu","status":"publish","type":"post","link":"https:\/\/www.egemtv.com\/?p=23642","title":{"rendered":"Thomas Reis: &#8220;\u00c7\u0131lg\u0131nca bir ma\u00e7 oldu&#8221;"},"content":{"rendered":"<p>Samsunspor Teknik Direkt\u00f6r\u00fc Thomas Reis, \u00e7\u0131lg\u0131nca bir ma\u00e7 oldu\u011funu ifade ederek, &#8220;Ligin ilk devresinde Samsun\u2019da oynad\u0131\u011f\u0131m\u0131z ma\u00e7a benzer bir m\u00fcsabaka oldu&#8221; dedi.<br \/>\n<br \/>Trendyol S\u00fcper Lig\u2019in 26. haftas\u0131nda Samsunspor, konuk oldu\u011fu G\u00f6ztepe ile 2-2 berabere kald\u0131. Samsunspor Teknik Direkt\u00f6r\u00fc Thomas Reis, kar\u015f\u0131la\u015fma sonras\u0131nda d\u00fczenlenen bas\u0131n toplant\u0131s\u0131nda a\u00e7\u0131klamalarda bulundu. G\u00f6ztepe\u2019ye kar\u015f\u0131 geri gelmeyi bildiklerini dile getiren Reis, &#8220;\u0130kinci yar\u0131da biz kendi oyunumuzdan uzak bir performans g\u00f6sterdik. Bizde rakibimiz gibi uzun toplarla oynamay\u0131 tercih ettik. G\u00f6ztepe \u00f6nde \u00e7ok iyi bir bask\u0131 kurdu. \u0130stedi\u011fimiz oyunu oynatmad\u0131lar. \u0130lk yar\u0131da iki tane net pozisyona girdiler, biz ise net olarak bir tane pozisyona girebildik. \u0130lk yar\u0131n\u0131n son dakikas\u0131nda ise maalesef istemedi\u011fimiz bir gol\u00fc yedik. \u0130kinci yar\u0131 ba\u015flamadan \u00f6nce futbolcular\u0131mla soyunma odas\u0131nda konu\u015ftum ve onlara sahada \u00f6zg\u00fcvenlerini g\u00f6stermeleri gerekti\u011fini s\u00f6yledim. \u0130kinci yar\u0131ya da istedi\u011fimiz gibi ba\u015flayamad\u0131k ve ne yaz\u0131k ki kendi hatam\u0131zda kaynaklanan bir pozisyonda yedi\u011fimiz ikinci gol geldi. Tak\u0131m\u0131m ise geri gelmek i\u00e7in inanc\u0131n\u0131 hi\u00e7bir zaman kaybetmeden inanarak devam etti. \u0130stedi\u011fimiz performans\u0131 g\u00f6stermeye devam etti ve buna inand\u0131k. Taktiksel anlamda baz\u0131 de\u011fi\u015fiklikler de yapt\u0131k geri gelmek ad\u0131na bunu da ba\u015fard\u0131k. B\u00f6yle bir atmosferde b\u00f6yle bir m\u00fccadeleden sonra geri gelmekten \u00f6t\u00fcr\u00fc \u00e7ok mutluyuz&#8221; diye konu\u015ftu.<br \/><\/p>\n","protected":false},"excerpt":{"rendered":"<p>Samsunspor Teknik Direkt\u00f6r\u00fc Thomas Reis, \u00e7\u0131lg\u0131nca bir ma\u00e7 oldu\u011funu ifade ederek, &#8220;Ligin ilk devresinde Samsun\u2019da oynad\u0131\u011f\u0131m\u0131z ma\u00e7a benzer bir m\u00fcsabaka oldu&#8221; dedi. Trendyol S\u00fcper Lig\u2019in 26. haftas\u0131nda Samsunspor, konuk oldu\u011fu G\u00f6ztepe ile 2-2 berabere kald\u0131. Samsunspor Teknik Direkt\u00f6r\u00fc Thomas Reis, kar\u015f\u0131la\u015fma sonras\u0131nda d\u00fczenlenen bas\u0131n toplant\u0131s\u0131nda a\u00e7\u0131klamalarda bulundu. G\u00f6ztepe\u2019ye kar\u015f\u0131 geri gelmeyi bildiklerini dile getiren Reis,&#8230;<\/p>\n","protected":false},"author":1,"featured_media":23643,"comment_status":"open","ping_status":"open","sticky":false,"template":"","format":"standard","meta":{"_crdt_document":"","footnotes":""},"categories":[4],"tags":[],"class_list":["post-23642","post","type-post","status-publish","format-standard","has-post-thumbnail","hentry","category-spor"],"_links":{"self":[{"href":"https:\/\/www.egemtv.com\/index.php?rest_route=\/wp\/v2\/posts\/23642","targetHints":{"allow":["GET"]}}],"collection":[{"href":"https:\/\/www.egemtv.com\/index.php?rest_route=\/wp\/v2\/posts"}],"about":[{"href":"https:\/\/www.egemtv.com\/index.php?rest_route=\/wp\/v2\/types\/post"}],"author":[{"embeddable":true,"href":"https:\/\/www.egemtv.com\/index.php?rest_route=\/wp\/v2\/users\/1"}],"replies":[{"embeddable":true,"href":"https:\/\/www.egemtv.com\/index.php?rest_route=%2Fwp%2Fv2%2Fcomments&post=23642"}],"version-history":[{"count":1,"href":"https:\/\/www.egemtv.com\/index.php?rest_route=\/wp\/v2\/posts\/23642\/revisions"}],"predecessor-version":[{"id":23644,"href":"https:\/\/www.egemtv.com\/index.php?rest_route=\/wp\/v2\/posts\/23642\/revisions\/23644"}],"wp:featuredmedia":[{"embeddable":true,"href":"https:\/\/www.egemtv.com\/index.php?rest_route=\/wp\/v2\/media\/23643"}],"wp:attachment":[{"href":"https:\/\/www.egemtv.com\/index.php?rest_route=%2Fwp%2Fv2%2Fmedia&parent=23642"}],"wp:term":[{"taxonomy":"category","embeddable":true,"href":"https:\/\/www.egemtv.com\/index.php?rest_route=%2Fwp%2Fv2%2Fcategories&post=23642"},{"taxonomy":"post_tag","embeddable":true,"href":"https:\/\/www.egemtv.com\/index.php?rest_route=%2Fwp%2Fv2%2Ftags&post=23642"}],"curies":[{"name":"wp","href":"https:\/\/api.w.org\/{rel}","templated":true}]}}