{"id":23633,"date":"2025-03-03T22:45:30","date_gmt":"2025-03-03T19:45:30","guid":{"rendered":"https:\/\/www.egemtv.com\/?p=23633"},"modified":"2025-03-03T22:45:35","modified_gmt":"2025-03-03T19:45:35","slug":"marmaris-devlet-hastanesindeki-yangin-ups-kablolarindan-cikmis","status":"publish","type":"post","link":"https:\/\/www.egemtv.com\/?p=23633","title":{"rendered":"Marmaris Devlet Hastanesi\u2019ndeki yang\u0131n UPS kablolar\u0131ndan \u00e7\u0131km\u0131\u015f"},"content":{"rendered":"<p>Marmaris Devlet Hastanesi\u2019nde bug\u00fcn saat 16.00 s\u0131ralar\u0131nda yang\u0131n \u00e7\u0131kt\u0131. UPS odas\u0131nda ba\u015flayan yang\u0131n, itfaiye ekiplerinin h\u0131zl\u0131 m\u00fcdahalesiyle k\u0131sa s\u00fcrede kontrol alt\u0131na al\u0131nd\u0131.<\/p>\n<p>Diyaliz ve fizik tedavi servisleri bo\u015falt\u0131ld\u0131<br \/>\n<br \/>Yang\u0131n nedeniyle hastanenin ilgili kat\u0131nda bulunan Diyaliz Servisi ve Fizik Tedavi Servisi tedbir ama\u00e7l\u0131 tahliye edildi. Ventilat\u00f6re ba\u011fl\u0131 bir hastan\u0131n sevki planlan\u0131rken, ayaktan ve yatan hastalar\u0131n olaydan etkilenmedi\u011fi bildirildi.<\/p>\n<p>Yetkililer, yang\u0131nla ilgili incelemelerin s\u00fcrd\u00fc\u011f\u00fcn\u00fc a\u00e7\u0131klad\u0131.<br \/><\/p>\n","protected":false},"excerpt":{"rendered":"<p>Marmaris Devlet Hastanesi\u2019nde bug\u00fcn saat 16.00 s\u0131ralar\u0131nda yang\u0131n \u00e7\u0131kt\u0131. UPS odas\u0131nda ba\u015flayan yang\u0131n, itfaiye ekiplerinin h\u0131zl\u0131 m\u00fcdahalesiyle k\u0131sa s\u00fcrede kontrol alt\u0131na al\u0131nd\u0131. Diyaliz ve fizik tedavi servisleri bo\u015falt\u0131ld\u0131 Yang\u0131n nedeniyle hastanenin ilgili kat\u0131nda bulunan Diyaliz Servisi ve Fizik Tedavi Servisi tedbir ama\u00e7l\u0131 tahliye edildi. Ventilat\u00f6re ba\u011fl\u0131 bir hastan\u0131n sevki planlan\u0131rken, ayaktan ve yatan hastalar\u0131n olaydan&#8230;<\/p>\n","protected":false},"author":1,"featured_media":23634,"comment_status":"open","ping_status":"open","sticky":false,"template":"","format":"standard","meta":{"_crdt_document":"","footnotes":""},"categories":[5],"tags":[],"class_list":["post-23633","post","type-post","status-publish","format-standard","has-post-thumbnail","hentry","category-asayis"],"_links":{"self":[{"href":"https:\/\/www.egemtv.com\/index.php?rest_route=\/wp\/v2\/posts\/23633","targetHints":{"allow":["GET"]}}],"collection":[{"href":"https:\/\/www.egemtv.com\/index.php?rest_route=\/wp\/v2\/posts"}],"about":[{"href":"https:\/\/www.egemtv.com\/index.php?rest_route=\/wp\/v2\/types\/post"}],"author":[{"embeddable":true,"href":"https:\/\/www.egemtv.com\/index.php?rest_route=\/wp\/v2\/users\/1"}],"replies":[{"embeddable":true,"href":"https:\/\/www.egemtv.com\/index.php?rest_route=%2Fwp%2Fv2%2Fcomments&post=23633"}],"version-history":[{"count":1,"href":"https:\/\/www.egemtv.com\/index.php?rest_route=\/wp\/v2\/posts\/23633\/revisions"}],"predecessor-version":[{"id":23635,"href":"https:\/\/www.egemtv.com\/index.php?rest_route=\/wp\/v2\/posts\/23633\/revisions\/23635"}],"wp:featuredmedia":[{"embeddable":true,"href":"https:\/\/www.egemtv.com\/index.php?rest_route=\/wp\/v2\/media\/23634"}],"wp:attachment":[{"href":"https:\/\/www.egemtv.com\/index.php?rest_route=%2Fwp%2Fv2%2Fmedia&parent=23633"}],"wp:term":[{"taxonomy":"category","embeddable":true,"href":"https:\/\/www.egemtv.com\/index.php?rest_route=%2Fwp%2Fv2%2Fcategories&post=23633"},{"taxonomy":"post_tag","embeddable":true,"href":"https:\/\/www.egemtv.com\/index.php?rest_route=%2Fwp%2Fv2%2Ftags&post=23633"}],"curies":[{"name":"wp","href":"https:\/\/api.w.org\/{rel}","templated":true}]}}