{"id":23630,"date":"2025-03-03T22:28:57","date_gmt":"2025-03-03T19:28:57","guid":{"rendered":"https:\/\/www.egemtv.com\/?p=23630"},"modified":"2025-03-03T22:29:01","modified_gmt":"2025-03-03T19:29:01","slug":"baskan-cercioglu-efelerli-vatandaslarla-iftar-sofrasinda-bulustu","status":"publish","type":"post","link":"https:\/\/www.egemtv.com\/?p=23630","title":{"rendered":"Ba\u015fkan \u00c7er\u00e7io\u011flu, Efelerli vatanda\u015flarla iftar sofras\u0131nda bulu\u015ftu"},"content":{"rendered":"<p>Ayd\u0131n B\u00fcy\u00fck\u015fehir Belediyesi, kentin d\u00f6rt bir yan\u0131nda vatanda\u015flar\u0131 iftar sofralar\u0131nda bulu\u015fturmaya devam ediyor. B\u00fcy\u00fck\u015fehir Belediyesi\u2019nin birlik ve beraberlik sofralar\u0131nda on binlerce vatanda\u015f iftarlar\u0131n\u0131 birlikte yap\u0131yor.<\/p>\n<p>B\u00fcy\u00fck\u015fehir Belediyesi taraf\u0131ndan bug\u00fcn de 7 farkl\u0131 noktada iftar program\u0131 d\u00fczenlendi. Efeler il\u00e7esi Atat\u00fcrk Kent Meydan\u0131 ve Girne Mahallesi Efekent Kapal\u0131 Pazar Yeri, \u00c7ine il\u00e7esi Kahraman Mahallesi, Karacasu il\u00e7esi Yayk\u0131n Mahallesi, Nazilli il\u00e7esi \u00c7apahasan Mahallesi, S\u00f6ke il\u00e7esi Ak\u00e7akonak Mahallesi ve Yenipazar il\u00e7esi Donduran Mahallesi\u2019nde iftar sofralar\u0131 kuruldu.<\/p>\n<p>Ayd\u0131n B\u00fcy\u00fck\u015fehir Belediye Ba\u015fkan\u0131 \u00d6zlem \u00c7er\u00e7io\u011flu, Cumhuriyet Halk Partisi Ayd\u0131n \u0130l Ba\u015fkan\u0131 Hikmet Saat\u00e7\u0131 ile birlikte Girne Mahallesi Efekent Kapal\u0131 Pazar Yeri\u2019nde d\u00fczenlenen iftarda vatanda\u015flar ile bir araya geldi. Ba\u015fkan \u00c7er\u00e7io\u011flu, B\u00fcy\u00fck\u015fehir Belediyesi\u2019nin iftar sofralar\u0131nda her g\u00fcn on binlerce vatanda\u015f\u0131n oru\u00e7lar\u0131n\u0131 a\u00e7t\u0131klar\u0131n\u0131 belirtti. Ba\u015fkan \u00c7er\u00e7io\u011flu, t\u00fcm Ayd\u0131nl\u0131lar\u0131 B\u00fcy\u00fck\u015fehir Belediyesi\u2019nin iftar sofralar\u0131nda Ramazan ay\u0131n\u0131n bereketini birlikte ya\u015famaya davet etti.<\/p>\n<p>D\u00fczenlenen iftar programlar\u0131ndan memnuniyet duyduklar\u0131n\u0131 belirten vatanda\u015flar, Ba\u015fkan \u00c7er\u00e7io\u011flu\u2019na te\u015fekk\u00fcr etti<br \/><\/p>\n","protected":false},"excerpt":{"rendered":"<p>Ayd\u0131n B\u00fcy\u00fck\u015fehir Belediyesi, kentin d\u00f6rt bir yan\u0131nda vatanda\u015flar\u0131 iftar sofralar\u0131nda bulu\u015fturmaya devam ediyor. B\u00fcy\u00fck\u015fehir Belediyesi\u2019nin birlik ve beraberlik sofralar\u0131nda on binlerce vatanda\u015f iftarlar\u0131n\u0131 birlikte yap\u0131yor. B\u00fcy\u00fck\u015fehir Belediyesi taraf\u0131ndan bug\u00fcn de 7 farkl\u0131 noktada iftar program\u0131 d\u00fczenlendi. Efeler il\u00e7esi Atat\u00fcrk Kent Meydan\u0131 ve Girne Mahallesi Efekent Kapal\u0131 Pazar Yeri, \u00c7ine il\u00e7esi Kahraman Mahallesi, Karacasu il\u00e7esi Yayk\u0131n&#8230;<\/p>\n","protected":false},"author":1,"featured_media":23631,"comment_status":"open","ping_status":"open","sticky":false,"template":"","format":"standard","meta":{"_crdt_document":"","footnotes":""},"categories":[1],"tags":[],"class_list":["post-23630","post","type-post","status-publish","format-standard","has-post-thumbnail","hentry","category-guncel"],"_links":{"self":[{"href":"https:\/\/www.egemtv.com\/index.php?rest_route=\/wp\/v2\/posts\/23630","targetHints":{"allow":["GET"]}}],"collection":[{"href":"https:\/\/www.egemtv.com\/index.php?rest_route=\/wp\/v2\/posts"}],"about":[{"href":"https:\/\/www.egemtv.com\/index.php?rest_route=\/wp\/v2\/types\/post"}],"author":[{"embeddable":true,"href":"https:\/\/www.egemtv.com\/index.php?rest_route=\/wp\/v2\/users\/1"}],"replies":[{"embeddable":true,"href":"https:\/\/www.egemtv.com\/index.php?rest_route=%2Fwp%2Fv2%2Fcomments&post=23630"}],"version-history":[{"count":1,"href":"https:\/\/www.egemtv.com\/index.php?rest_route=\/wp\/v2\/posts\/23630\/revisions"}],"predecessor-version":[{"id":23632,"href":"https:\/\/www.egemtv.com\/index.php?rest_route=\/wp\/v2\/posts\/23630\/revisions\/23632"}],"wp:featuredmedia":[{"embeddable":true,"href":"https:\/\/www.egemtv.com\/index.php?rest_route=\/wp\/v2\/media\/23631"}],"wp:attachment":[{"href":"https:\/\/www.egemtv.com\/index.php?rest_route=%2Fwp%2Fv2%2Fmedia&parent=23630"}],"wp:term":[{"taxonomy":"category","embeddable":true,"href":"https:\/\/www.egemtv.com\/index.php?rest_route=%2Fwp%2Fv2%2Fcategories&post=23630"},{"taxonomy":"post_tag","embeddable":true,"href":"https:\/\/www.egemtv.com\/index.php?rest_route=%2Fwp%2Fv2%2Ftags&post=23630"}],"curies":[{"name":"wp","href":"https:\/\/api.w.org\/{rel}","templated":true}]}}