{"id":23626,"date":"2025-03-03T22:17:19","date_gmt":"2025-03-03T19:17:19","guid":{"rendered":"https:\/\/www.egemtv.com\/?p=23626"},"modified":"2025-03-03T22:17:23","modified_gmt":"2025-03-03T19:17:23","slug":"sobadan-cikan-yangin-evin-bir-kismini-kule-cevirdi-2","status":"publish","type":"post","link":"https:\/\/www.egemtv.com\/?p=23626","title":{"rendered":"Sobadan \u00e7\u0131kan yang\u0131n evin bir k\u0131sm\u0131n\u0131 k\u00fcle \u00e7evirdi"},"content":{"rendered":"<p>Isparta\u2019n\u0131n Yalva\u00e7 il\u00e7esinde 2 katl\u0131 m\u00fcstakil evde yang\u0131n \u00e7\u0131kt\u0131. Yang\u0131nda evin bir b\u00f6l\u00fcm\u00fc tamamen yanarak kullan\u0131lamaz hale geldi.<br \/>\n<br \/>Yang\u0131n, saat 19.55\u2019te Yalva\u00e7 il\u00e7esi Fatih Mahallesi Ergenekon Sokak\u2019ta meydana geldi. Edinilen bilgilere g\u00f6re, 2 katl\u0131 m\u00fcstakil evin teras kat\u0131nda bulunan soban\u0131n bacas\u0131 aniden alev ald\u0131. Alevlerin b\u00fcy\u00fcd\u00fc\u011f\u00fcn\u00fc fark eden ev sahibi Lokman \u00c7., durumu 112 Acil \u00c7a\u011fr\u0131 Merkezi\u2019ne bildirdi. \u0130hbar \u00fczerine b\u00f6lgeye \u00e7ok say\u0131da itfaiye ekibi sevk edildi. K\u0131sa s\u00fcrede olay yerine gelen ekiplerin m\u00fcdahalesiyle yang\u0131n kontrol alt\u0131na al\u0131nd\u0131. Yang\u0131nda evin bir b\u00f6l\u00fcm\u00fc tamamen yanarak kullan\u0131lamaz hale geldi.<br \/><\/p>\n","protected":false},"excerpt":{"rendered":"<p>Isparta\u2019n\u0131n Yalva\u00e7 il\u00e7esinde 2 katl\u0131 m\u00fcstakil evde yang\u0131n \u00e7\u0131kt\u0131. Yang\u0131nda evin bir b\u00f6l\u00fcm\u00fc tamamen yanarak kullan\u0131lamaz hale geldi. Yang\u0131n, saat 19.55\u2019te Yalva\u00e7 il\u00e7esi Fatih Mahallesi Ergenekon Sokak\u2019ta meydana geldi. Edinilen bilgilere g\u00f6re, 2 katl\u0131 m\u00fcstakil evin teras kat\u0131nda bulunan soban\u0131n bacas\u0131 aniden alev ald\u0131. Alevlerin b\u00fcy\u00fcd\u00fc\u011f\u00fcn\u00fc fark eden ev sahibi Lokman \u00c7., durumu 112 Acil&#8230;<\/p>\n","protected":false},"author":1,"featured_media":23627,"comment_status":"open","ping_status":"open","sticky":false,"template":"","format":"standard","meta":{"_crdt_document":"","footnotes":""},"categories":[5],"tags":[],"class_list":["post-23626","post","type-post","status-publish","format-standard","has-post-thumbnail","hentry","category-asayis"],"_links":{"self":[{"href":"https:\/\/www.egemtv.com\/index.php?rest_route=\/wp\/v2\/posts\/23626","targetHints":{"allow":["GET"]}}],"collection":[{"href":"https:\/\/www.egemtv.com\/index.php?rest_route=\/wp\/v2\/posts"}],"about":[{"href":"https:\/\/www.egemtv.com\/index.php?rest_route=\/wp\/v2\/types\/post"}],"author":[{"embeddable":true,"href":"https:\/\/www.egemtv.com\/index.php?rest_route=\/wp\/v2\/users\/1"}],"replies":[{"embeddable":true,"href":"https:\/\/www.egemtv.com\/index.php?rest_route=%2Fwp%2Fv2%2Fcomments&post=23626"}],"version-history":[{"count":1,"href":"https:\/\/www.egemtv.com\/index.php?rest_route=\/wp\/v2\/posts\/23626\/revisions"}],"predecessor-version":[{"id":23629,"href":"https:\/\/www.egemtv.com\/index.php?rest_route=\/wp\/v2\/posts\/23626\/revisions\/23629"}],"wp:featuredmedia":[{"embeddable":true,"href":"https:\/\/www.egemtv.com\/index.php?rest_route=\/wp\/v2\/media\/23627"}],"wp:attachment":[{"href":"https:\/\/www.egemtv.com\/index.php?rest_route=%2Fwp%2Fv2%2Fmedia&parent=23626"}],"wp:term":[{"taxonomy":"category","embeddable":true,"href":"https:\/\/www.egemtv.com\/index.php?rest_route=%2Fwp%2Fv2%2Fcategories&post=23626"},{"taxonomy":"post_tag","embeddable":true,"href":"https:\/\/www.egemtv.com\/index.php?rest_route=%2Fwp%2Fv2%2Ftags&post=23626"}],"curies":[{"name":"wp","href":"https:\/\/api.w.org\/{rel}","templated":true}]}}