{"id":23618,"date":"2025-03-03T21:16:43","date_gmt":"2025-03-03T18:16:43","guid":{"rendered":"https:\/\/www.egemtv.com\/?p=23618"},"modified":"2025-03-03T21:16:46","modified_gmt":"2025-03-03T18:16:46","slug":"manisada-2-yildir-aranan-sahis-jandarma-tarafindan-yakalandi","status":"publish","type":"post","link":"https:\/\/www.egemtv.com\/?p=23618","title":{"rendered":"Manisa\u2019da 2 y\u0131ld\u0131r aranan \u015fah\u0131s jandarma taraf\u0131ndan yakaland\u0131"},"content":{"rendered":"<p>Manisa\u2019n\u0131n Yunusemre il\u00e7esinde 21 ayr\u0131 dosyadan hakk\u0131nda 12 y\u0131l 2 ay kesinle\u015fmi\u015f hapis cezas\u0131 bulunan \u015fah\u0131s jandarma ekipleri taraf\u0131ndan yakaland\u0131. Yakla\u015f\u0131k 2 y\u0131ld\u0131r aranan \u015fah\u0131s adliyedeki i\u015flemlerinin ard\u0131ndan cezaevine g\u00f6nderildi.<br \/>\n<br \/>Manisa\u2019n\u0131n Yunusemre il\u00e7esinde aranan \u015fah\u0131slar\u0131n yakalanmas\u0131na y\u00f6nelik Manisa \u0130l Jandarma Komutanl\u0131\u011f\u0131 JASAT ve Yunusemre \u0130l\u00e7e Jandarma Komutanl\u0131\u011f\u0131 ekipleri taraf\u0131ndan ger\u00e7ekle\u015ftirilen faaliyet sonucunda; \u2019Vergi Usul Kanununa Muhalefet\u2019, \u2019Doland\u0131r\u0131c\u0131l\u0131k\u2019 ve \u2019G\u00fcveni K\u00f6t\u00fcye Kullanma\u2019 su\u00e7lar\u0131ndan olu\u015fan 21 ayr\u0131 su\u00e7 dosyas\u0131ndan yakla\u015f\u0131k iki y\u0131ld\u0131r aranan ve hakk\u0131nda toplam 12 y\u0131l 2 ay kesinle\u015fmi\u015f hapis cezas\u0131 ile 30 bin TL adli para cezas\u0131 bulunan M.A.G. (46\/E) isimli \u015fah\u0131s yakaland\u0131. Yakalanan \u015fah\u0131s adliyedeki i\u015flemlerinin ard\u0131ndan Manisa E Tipi Kapal\u0131 Ceza \u0130nfaz Kurumuna teslim edildi.<br \/><\/p>\n","protected":false},"excerpt":{"rendered":"<p>Manisa\u2019n\u0131n Yunusemre il\u00e7esinde 21 ayr\u0131 dosyadan hakk\u0131nda 12 y\u0131l 2 ay kesinle\u015fmi\u015f hapis cezas\u0131 bulunan \u015fah\u0131s jandarma ekipleri taraf\u0131ndan yakaland\u0131. Yakla\u015f\u0131k 2 y\u0131ld\u0131r aranan \u015fah\u0131s adliyedeki i\u015flemlerinin ard\u0131ndan cezaevine g\u00f6nderildi. Manisa\u2019n\u0131n Yunusemre il\u00e7esinde aranan \u015fah\u0131slar\u0131n yakalanmas\u0131na y\u00f6nelik Manisa \u0130l Jandarma Komutanl\u0131\u011f\u0131 JASAT ve Yunusemre \u0130l\u00e7e Jandarma Komutanl\u0131\u011f\u0131 ekipleri taraf\u0131ndan ger\u00e7ekle\u015ftirilen faaliyet sonucunda; \u2019Vergi Usul Kanununa&#8230;<\/p>\n","protected":false},"author":1,"featured_media":23619,"comment_status":"open","ping_status":"open","sticky":false,"template":"","format":"standard","meta":{"_crdt_document":"","footnotes":""},"categories":[5],"tags":[],"class_list":["post-23618","post","type-post","status-publish","format-standard","has-post-thumbnail","hentry","category-asayis"],"_links":{"self":[{"href":"https:\/\/www.egemtv.com\/index.php?rest_route=\/wp\/v2\/posts\/23618","targetHints":{"allow":["GET"]}}],"collection":[{"href":"https:\/\/www.egemtv.com\/index.php?rest_route=\/wp\/v2\/posts"}],"about":[{"href":"https:\/\/www.egemtv.com\/index.php?rest_route=\/wp\/v2\/types\/post"}],"author":[{"embeddable":true,"href":"https:\/\/www.egemtv.com\/index.php?rest_route=\/wp\/v2\/users\/1"}],"replies":[{"embeddable":true,"href":"https:\/\/www.egemtv.com\/index.php?rest_route=%2Fwp%2Fv2%2Fcomments&post=23618"}],"version-history":[{"count":1,"href":"https:\/\/www.egemtv.com\/index.php?rest_route=\/wp\/v2\/posts\/23618\/revisions"}],"predecessor-version":[{"id":23620,"href":"https:\/\/www.egemtv.com\/index.php?rest_route=\/wp\/v2\/posts\/23618\/revisions\/23620"}],"wp:featuredmedia":[{"embeddable":true,"href":"https:\/\/www.egemtv.com\/index.php?rest_route=\/wp\/v2\/media\/23619"}],"wp:attachment":[{"href":"https:\/\/www.egemtv.com\/index.php?rest_route=%2Fwp%2Fv2%2Fmedia&parent=23618"}],"wp:term":[{"taxonomy":"category","embeddable":true,"href":"https:\/\/www.egemtv.com\/index.php?rest_route=%2Fwp%2Fv2%2Fcategories&post=23618"},{"taxonomy":"post_tag","embeddable":true,"href":"https:\/\/www.egemtv.com\/index.php?rest_route=%2Fwp%2Fv2%2Ftags&post=23618"}],"curies":[{"name":"wp","href":"https:\/\/api.w.org\/{rel}","templated":true}]}}