{"id":23615,"date":"2025-03-03T19:12:44","date_gmt":"2025-03-03T16:12:44","guid":{"rendered":"https:\/\/www.egemtv.com\/?p=23615"},"modified":"2025-03-03T19:12:46","modified_gmt":"2025-03-03T16:12:46","slug":"17-yasindaki-kiz-sosyal-medyadan-cagri-yapmisti-bagimli-baba-icin-uzaklastirma-karari-verildi","status":"publish","type":"post","link":"https:\/\/www.egemtv.com\/?p=23615","title":{"rendered":"17 ya\u015f\u0131ndaki k\u0131z sosyal medyadan \u00e7a\u011fr\u0131 yapm\u0131\u015ft\u0131, ba\u011f\u0131ml\u0131 baba i\u00e7in uzakla\u015ft\u0131rma karar\u0131 verildi"},"content":{"rendered":"<p>\u0130zmir\u2019de ya\u015fayan 17 ya\u015f\u0131ndaki k\u0131z\u0131n babas\u0131n\u0131n uyu\u015fturucu madde ba\u011f\u0131ml\u0131s\u0131 oldu\u011funu s\u00f6yleyip yard\u0131m \u00e7a\u011fr\u0131s\u0131nda bulunmas\u0131 \u00fczerine \u0130zmir Cumhuriyet Ba\u015fsavc\u0131l\u0131\u011f\u0131 devreye girdi. G\u00f6zalt\u0131na al\u0131nan baba hakk\u0131nda ma\u011fdurlar\u0131n evine ve 100 metreden fazla yanlar\u0131na yakla\u015fmama \u015feklinde adli kontrol tedbiri uygulanmas\u0131na karar verildi.<br \/>\n<br \/>\u0130zmir\u2019de ya\u015fayan 17 ya\u015f\u0131ndaki bir k\u0131z \u00e7ocu\u011fu, sosyal medyadan payla\u015ft\u0131\u011f\u0131 videoda babas\u0131n\u0131n madde ba\u011f\u0131ml\u0131s\u0131 oldu\u011funu ve hem kendisine hem ailesine \u015fiddet uygulad\u0131\u011f\u0131n\u0131 s\u00f6yledi. Babas\u0131n\u0131n hal\u00fcsinasyonlar\u0131n\u0131n giderek artt\u0131\u011f\u0131n\u0131 ve i\u015fin tehlikeli boyutlara ula\u015ft\u0131\u011f\u0131n\u0131 anlatan k\u0131z, kimse zarar g\u00f6rmeden gerekenin yap\u0131lmas\u0131n\u0131 istedi. Bunun \u00fczerine devreye giren \u0130zmir Cumhuriyet Ba\u015fsavc\u0131l\u0131\u011f\u0131 olaya el koydu. Y\u00fcr\u00fct\u00fclen soru\u015fturma \u00e7er\u00e7evesinde k\u0131z \u00e7ocu\u011fu ve ailesi, Cumhuriyet Ba\u015fsavc\u0131l\u0131\u011f\u0131 adli g\u00f6r\u00fc\u015fme odas\u0131nda uzmanlarla g\u00f6r\u00fc\u015fme yapt\u0131. K\u0131z\u0131n pedagog ve avukat e\u015fli\u011finde ifadesi al\u0131nd\u0131.<\/p>\n<p>100 metreden yak\u0131n olamayacak<br \/>\n<br \/>K\u0131z \u00e7ocu\u011fu ve annesinin al\u0131nan ifadelerinde babadan \u015fikayet\u00e7i olmamalar\u0131 \u00fczerine baba E.A. hakk\u0131nda ma\u011fdurlar\u0131n evine ve 100 metreden fazla yanlar\u0131na yakla\u015fmama \u015feklinde adli kontrol tedbiri uygulanmas\u0131na karar verildi. Ayr\u0131ca E.A. hakk\u0131nda ba\u011f\u0131ml\u0131l\u0131ktan kurtulmak amac\u0131yla tedavi tedbiri uygulanmas\u0131 talep edildi. Su\u00e7 ma\u011fduru kad\u0131n ve \u00e7ocuklar\u0131n korunmas\u0131na y\u00f6nelik gerekli tedbirler al\u0131nmak \u00fczere durum ayr\u0131ca Cumhuriyet Ba\u015fsavc\u0131l\u0131\u011f\u0131 taraf\u0131ndan Aile ve Sosyal Politikalar Bakanl\u0131\u011f\u0131 \u0130zmir \u0130l M\u00fcd\u00fcrl\u00fc\u011f\u00fcne bildirildi.<br \/><\/p>\n","protected":false},"excerpt":{"rendered":"<p>\u0130zmir\u2019de ya\u015fayan 17 ya\u015f\u0131ndaki k\u0131z\u0131n babas\u0131n\u0131n uyu\u015fturucu madde ba\u011f\u0131ml\u0131s\u0131 oldu\u011funu s\u00f6yleyip yard\u0131m \u00e7a\u011fr\u0131s\u0131nda bulunmas\u0131 \u00fczerine \u0130zmir Cumhuriyet Ba\u015fsavc\u0131l\u0131\u011f\u0131 devreye girdi. G\u00f6zalt\u0131na al\u0131nan baba hakk\u0131nda ma\u011fdurlar\u0131n evine ve 100 metreden fazla yanlar\u0131na yakla\u015fmama \u015feklinde adli kontrol tedbiri uygulanmas\u0131na karar verildi. \u0130zmir\u2019de ya\u015fayan 17 ya\u015f\u0131ndaki bir k\u0131z \u00e7ocu\u011fu, sosyal medyadan payla\u015ft\u0131\u011f\u0131 videoda babas\u0131n\u0131n madde ba\u011f\u0131ml\u0131s\u0131 oldu\u011funu ve&#8230;<\/p>\n","protected":false},"author":1,"featured_media":23616,"comment_status":"open","ping_status":"open","sticky":false,"template":"","format":"standard","meta":{"_crdt_document":"","footnotes":""},"categories":[5],"tags":[],"class_list":["post-23615","post","type-post","status-publish","format-standard","has-post-thumbnail","hentry","category-asayis"],"_links":{"self":[{"href":"https:\/\/www.egemtv.com\/index.php?rest_route=\/wp\/v2\/posts\/23615","targetHints":{"allow":["GET"]}}],"collection":[{"href":"https:\/\/www.egemtv.com\/index.php?rest_route=\/wp\/v2\/posts"}],"about":[{"href":"https:\/\/www.egemtv.com\/index.php?rest_route=\/wp\/v2\/types\/post"}],"author":[{"embeddable":true,"href":"https:\/\/www.egemtv.com\/index.php?rest_route=\/wp\/v2\/users\/1"}],"replies":[{"embeddable":true,"href":"https:\/\/www.egemtv.com\/index.php?rest_route=%2Fwp%2Fv2%2Fcomments&post=23615"}],"version-history":[{"count":1,"href":"https:\/\/www.egemtv.com\/index.php?rest_route=\/wp\/v2\/posts\/23615\/revisions"}],"predecessor-version":[{"id":23617,"href":"https:\/\/www.egemtv.com\/index.php?rest_route=\/wp\/v2\/posts\/23615\/revisions\/23617"}],"wp:featuredmedia":[{"embeddable":true,"href":"https:\/\/www.egemtv.com\/index.php?rest_route=\/wp\/v2\/media\/23616"}],"wp:attachment":[{"href":"https:\/\/www.egemtv.com\/index.php?rest_route=%2Fwp%2Fv2%2Fmedia&parent=23615"}],"wp:term":[{"taxonomy":"category","embeddable":true,"href":"https:\/\/www.egemtv.com\/index.php?rest_route=%2Fwp%2Fv2%2Fcategories&post=23615"},{"taxonomy":"post_tag","embeddable":true,"href":"https:\/\/www.egemtv.com\/index.php?rest_route=%2Fwp%2Fv2%2Ftags&post=23615"}],"curies":[{"name":"wp","href":"https:\/\/api.w.org\/{rel}","templated":true}]}}