{"id":23609,"date":"2025-03-03T19:12:37","date_gmt":"2025-03-03T16:12:37","guid":{"rendered":"https:\/\/www.egemtv.com\/?p=23609"},"modified":"2025-03-03T19:12:42","modified_gmt":"2025-03-03T16:12:42","slug":"aydinda-cikan-yangin-korkuttu","status":"publish","type":"post","link":"https:\/\/www.egemtv.com\/?p=23609","title":{"rendered":"Ayd\u0131n\u2019da \u00e7\u0131kan yang\u0131n korkuttu"},"content":{"rendered":"<p>Ayd\u0131n\u2019\u0131n Efeler il\u00e7esinde ikamet alanlar\u0131na yak\u0131n noktada makilik alanda \u00e7\u0131kan yang\u0131n korkuturken, alevler itfaiye ekipleri taraf\u0131ndan s\u00f6nd\u00fcr\u00fcld\u00fc.<\/p>\n<p>Yang\u0131n, K\u00f6pr\u00fcl\u00fc Mahallesi Topyata\u011f\u0131 mevkiinde bulunan \u015eehit Erkan Duran Park\u0131n\u0131n alt k\u0131sm\u0131ndaki makilik alanda \u00e7\u0131kt\u0131. R\u00fczgar\u0131n etkisi ile alevler geni\u015f bir alana yay\u0131ld\u0131. Yak\u0131nda bulunan yerle\u015fim yerlerine s\u0131\u00e7ramadan olay yerine sevk edilen itfaiye ekipleri alevlere m\u00fcdahale ederek s\u00f6nd\u00fcrd\u00fc.<\/p>\n<p>Yang\u0131nla ilgili soru\u015fturma s\u00fcr\u00fcyor.<br \/><\/p>\n","protected":false},"excerpt":{"rendered":"<p>Ayd\u0131n\u2019\u0131n Efeler il\u00e7esinde ikamet alanlar\u0131na yak\u0131n noktada makilik alanda \u00e7\u0131kan yang\u0131n korkuturken, alevler itfaiye ekipleri taraf\u0131ndan s\u00f6nd\u00fcr\u00fcld\u00fc. Yang\u0131n, K\u00f6pr\u00fcl\u00fc Mahallesi Topyata\u011f\u0131 mevkiinde bulunan \u015eehit Erkan Duran Park\u0131n\u0131n alt k\u0131sm\u0131ndaki makilik alanda \u00e7\u0131kt\u0131. R\u00fczgar\u0131n etkisi ile alevler geni\u015f bir alana yay\u0131ld\u0131. Yak\u0131nda bulunan yerle\u015fim yerlerine s\u0131\u00e7ramadan olay yerine sevk edilen itfaiye ekipleri alevlere m\u00fcdahale ederek s\u00f6nd\u00fcrd\u00fc&#8230;.<\/p>\n","protected":false},"author":1,"featured_media":23610,"comment_status":"open","ping_status":"open","sticky":false,"template":"","format":"standard","meta":{"_crdt_document":"","footnotes":""},"categories":[5],"tags":[],"class_list":["post-23609","post","type-post","status-publish","format-standard","has-post-thumbnail","hentry","category-asayis"],"_links":{"self":[{"href":"https:\/\/www.egemtv.com\/index.php?rest_route=\/wp\/v2\/posts\/23609","targetHints":{"allow":["GET"]}}],"collection":[{"href":"https:\/\/www.egemtv.com\/index.php?rest_route=\/wp\/v2\/posts"}],"about":[{"href":"https:\/\/www.egemtv.com\/index.php?rest_route=\/wp\/v2\/types\/post"}],"author":[{"embeddable":true,"href":"https:\/\/www.egemtv.com\/index.php?rest_route=\/wp\/v2\/users\/1"}],"replies":[{"embeddable":true,"href":"https:\/\/www.egemtv.com\/index.php?rest_route=%2Fwp%2Fv2%2Fcomments&post=23609"}],"version-history":[{"count":1,"href":"https:\/\/www.egemtv.com\/index.php?rest_route=\/wp\/v2\/posts\/23609\/revisions"}],"predecessor-version":[{"id":23611,"href":"https:\/\/www.egemtv.com\/index.php?rest_route=\/wp\/v2\/posts\/23609\/revisions\/23611"}],"wp:featuredmedia":[{"embeddable":true,"href":"https:\/\/www.egemtv.com\/index.php?rest_route=\/wp\/v2\/media\/23610"}],"wp:attachment":[{"href":"https:\/\/www.egemtv.com\/index.php?rest_route=%2Fwp%2Fv2%2Fmedia&parent=23609"}],"wp:term":[{"taxonomy":"category","embeddable":true,"href":"https:\/\/www.egemtv.com\/index.php?rest_route=%2Fwp%2Fv2%2Fcategories&post=23609"},{"taxonomy":"post_tag","embeddable":true,"href":"https:\/\/www.egemtv.com\/index.php?rest_route=%2Fwp%2Fv2%2Ftags&post=23609"}],"curies":[{"name":"wp","href":"https:\/\/api.w.org\/{rel}","templated":true}]}}