{"id":23606,"date":"2025-03-03T19:12:36","date_gmt":"2025-03-03T16:12:36","guid":{"rendered":"https:\/\/www.egemtv.com\/?p=23606"},"modified":"2025-03-03T19:12:37","modified_gmt":"2025-03-03T16:12:37","slug":"usakta-traktor-parcasi-calan-hirsizlar-kiskivrak-yakalandi","status":"publish","type":"post","link":"https:\/\/www.egemtv.com\/?p=23606","title":{"rendered":"U\u015fak\u2019ta trakt\u00f6r par\u00e7as\u0131 \u00e7alan h\u0131rs\u0131zlar k\u0131sk\u0131vrak yakaland\u0131"},"content":{"rendered":"<p>U\u015fak\u2019ta trakt\u00f6r\u00fcn par\u00e7alar\u0131n\u0131 s\u00f6kerek \u00e7alan h\u0131rs\u0131zlar, jandarma ekiplerince yakaland\u0131.<br \/>\n<br \/>U\u015fak merkeze ba\u011fl\u0131 Muharrem\u015fah mahallesinde trakt\u00f6r\u00fcn par\u00e7alar\u0131n \u00e7al\u0131nd\u0131\u011f\u0131 fark eden trakt\u00f6r sahibi durumu 112 Acil \u00c7a\u011fr\u0131 Merkezi\u2019ne bildirdi. \u0130hbar \u00fczerine olay yerine jandarma ekipleri sevk edildi. \u0130l Jandarma Komutanl\u0131\u011f\u0131\u2019na ba\u011fl\u0131 Jandarma Su\u00e7 Ara\u015ft\u0131rma Tim (JASAT ) ekiplerince yap\u0131lan kamera analiz, ara\u015ft\u0131rmalar\u0131 ve teknik takipler sonucunda 4 \u015f\u00fcphelinin trakt\u00f6rde bulunan metal par\u00e7alar\u0131n\u0131 s\u00f6kerek \u00e7ald\u0131klar\u0131n\u0131 tespit etti. Ekiplerce 4 \u015f\u00fcpheli \u00e7al\u0131nan malzemelerle sakland\u0131\u011f\u0131 yerde yakalanarak g\u00f6zalt\u0131na al\u0131nd\u0131.<br \/>\n<br \/>\u015e\u00fcpheliler jandarmadaki i\u015flemlerin ard\u0131ndan adliyeye sevk edilen 4 \u015f\u00fcpheli \u00e7\u0131kar\u0131ld\u0131\u011f\u0131 mahkemece tutuklanarak cezaevine g\u00f6nderildi.<br \/>\n<br \/>\u00d6te yandan, \u00e7al\u0131nan metal par\u00e7alar sahibine ekiplerce teslim edildi.<br \/><\/p>\n","protected":false},"excerpt":{"rendered":"<p>U\u015fak\u2019ta trakt\u00f6r\u00fcn par\u00e7alar\u0131n\u0131 s\u00f6kerek \u00e7alan h\u0131rs\u0131zlar, jandarma ekiplerince yakaland\u0131. U\u015fak merkeze ba\u011fl\u0131 Muharrem\u015fah mahallesinde trakt\u00f6r\u00fcn par\u00e7alar\u0131n \u00e7al\u0131nd\u0131\u011f\u0131 fark eden trakt\u00f6r sahibi durumu 112 Acil \u00c7a\u011fr\u0131 Merkezi\u2019ne bildirdi. \u0130hbar \u00fczerine olay yerine jandarma ekipleri sevk edildi. \u0130l Jandarma Komutanl\u0131\u011f\u0131\u2019na ba\u011fl\u0131 Jandarma Su\u00e7 Ara\u015ft\u0131rma Tim (JASAT ) ekiplerince yap\u0131lan kamera analiz, ara\u015ft\u0131rmalar\u0131 ve teknik takipler sonucunda 4&#8230;<\/p>\n","protected":false},"author":1,"featured_media":23607,"comment_status":"open","ping_status":"open","sticky":false,"template":"","format":"standard","meta":{"_crdt_document":"","footnotes":""},"categories":[5],"tags":[],"class_list":["post-23606","post","type-post","status-publish","format-standard","has-post-thumbnail","hentry","category-asayis"],"_links":{"self":[{"href":"https:\/\/www.egemtv.com\/index.php?rest_route=\/wp\/v2\/posts\/23606","targetHints":{"allow":["GET"]}}],"collection":[{"href":"https:\/\/www.egemtv.com\/index.php?rest_route=\/wp\/v2\/posts"}],"about":[{"href":"https:\/\/www.egemtv.com\/index.php?rest_route=\/wp\/v2\/types\/post"}],"author":[{"embeddable":true,"href":"https:\/\/www.egemtv.com\/index.php?rest_route=\/wp\/v2\/users\/1"}],"replies":[{"embeddable":true,"href":"https:\/\/www.egemtv.com\/index.php?rest_route=%2Fwp%2Fv2%2Fcomments&post=23606"}],"version-history":[{"count":1,"href":"https:\/\/www.egemtv.com\/index.php?rest_route=\/wp\/v2\/posts\/23606\/revisions"}],"predecessor-version":[{"id":23608,"href":"https:\/\/www.egemtv.com\/index.php?rest_route=\/wp\/v2\/posts\/23606\/revisions\/23608"}],"wp:featuredmedia":[{"embeddable":true,"href":"https:\/\/www.egemtv.com\/index.php?rest_route=\/wp\/v2\/media\/23607"}],"wp:attachment":[{"href":"https:\/\/www.egemtv.com\/index.php?rest_route=%2Fwp%2Fv2%2Fmedia&parent=23606"}],"wp:term":[{"taxonomy":"category","embeddable":true,"href":"https:\/\/www.egemtv.com\/index.php?rest_route=%2Fwp%2Fv2%2Fcategories&post=23606"},{"taxonomy":"post_tag","embeddable":true,"href":"https:\/\/www.egemtv.com\/index.php?rest_route=%2Fwp%2Fv2%2Ftags&post=23606"}],"curies":[{"name":"wp","href":"https:\/\/api.w.org\/{rel}","templated":true}]}}