{"id":23600,"date":"2025-03-03T18:26:06","date_gmt":"2025-03-03T15:26:06","guid":{"rendered":"https:\/\/www.egemtv.com\/?p=23600"},"modified":"2025-03-03T18:26:11","modified_gmt":"2025-03-03T15:26:11","slug":"hirsizlik-yaparken-uyusturucuyla-yakalandilar","status":"publish","type":"post","link":"https:\/\/www.egemtv.com\/?p=23600","title":{"rendered":"H\u0131rs\u0131zl\u0131k yaparken uyu\u015fturucuyla yakaland\u0131lar"},"content":{"rendered":"<p>Isparta\u2019da 3 ki\u015fi, bir in\u015faattan 25 iskele demiri \u00e7alarken \u00e7ar\u015f\u0131 ve mahalle bek\u00e7ileri taraf\u0131ndan su\u00e7\u00fcst\u00fc yakaland\u0131. Olay yerinde uyu\u015fturucu madde ele ge\u00e7irilirken, zanl\u0131lar tutuklanarak cezaevine g\u00f6nderildi.<br \/>\n<br \/>Isparta\u2019da ge\u00e7ti\u011fimiz g\u00fcn gece saatlerinde bir in\u015faattan 25 adet iskele demiri \u00e7almaya \u00e7al\u0131\u015fan 3 \u015f\u00fcpheli, \u00e7ar\u015f\u0131 ve mahalle bek\u00e7ileri taraf\u0131ndan su\u00e7\u00fcst\u00fc yakaland\u0131. Olay yerinde yap\u0131lan aramada uyu\u015fturucu madde de ele ge\u00e7irildi. Yakalanan \u015fah\u0131slardan birinin &#8220;kullanmak i\u00e7in uyu\u015fturucu veya uyar\u0131c\u0131 madde sat\u0131n alma, kabul etme, bulundurma ve kullanma&#8221; su\u00e7u ile &#8220;kad\u0131na kar\u015f\u0131 basit yaralama&#8221; su\u00e7undan arand\u0131\u011f\u0131 tespit edildi. G\u00f6zalt\u0131na al\u0131nan \u015f\u00fcpheliler, emniyetteki i\u015flemlerinin ard\u0131ndan \u00e7\u0131kar\u0131ld\u0131klar\u0131 mahkemece tutuklanarak Ceza \u0130nfaz Kurumu\u2019na teslim edildi.<br \/><\/p>\n","protected":false},"excerpt":{"rendered":"<p>Isparta\u2019da 3 ki\u015fi, bir in\u015faattan 25 iskele demiri \u00e7alarken \u00e7ar\u015f\u0131 ve mahalle bek\u00e7ileri taraf\u0131ndan su\u00e7\u00fcst\u00fc yakaland\u0131. Olay yerinde uyu\u015fturucu madde ele ge\u00e7irilirken, zanl\u0131lar tutuklanarak cezaevine g\u00f6nderildi. Isparta\u2019da ge\u00e7ti\u011fimiz g\u00fcn gece saatlerinde bir in\u015faattan 25 adet iskele demiri \u00e7almaya \u00e7al\u0131\u015fan 3 \u015f\u00fcpheli, \u00e7ar\u015f\u0131 ve mahalle bek\u00e7ileri taraf\u0131ndan su\u00e7\u00fcst\u00fc yakaland\u0131. Olay yerinde yap\u0131lan aramada uyu\u015fturucu madde de&#8230;<\/p>\n","protected":false},"author":1,"featured_media":23601,"comment_status":"open","ping_status":"open","sticky":false,"template":"","format":"standard","meta":{"_crdt_document":"","footnotes":""},"categories":[5],"tags":[],"class_list":["post-23600","post","type-post","status-publish","format-standard","has-post-thumbnail","hentry","category-asayis"],"_links":{"self":[{"href":"https:\/\/www.egemtv.com\/index.php?rest_route=\/wp\/v2\/posts\/23600","targetHints":{"allow":["GET"]}}],"collection":[{"href":"https:\/\/www.egemtv.com\/index.php?rest_route=\/wp\/v2\/posts"}],"about":[{"href":"https:\/\/www.egemtv.com\/index.php?rest_route=\/wp\/v2\/types\/post"}],"author":[{"embeddable":true,"href":"https:\/\/www.egemtv.com\/index.php?rest_route=\/wp\/v2\/users\/1"}],"replies":[{"embeddable":true,"href":"https:\/\/www.egemtv.com\/index.php?rest_route=%2Fwp%2Fv2%2Fcomments&post=23600"}],"version-history":[{"count":1,"href":"https:\/\/www.egemtv.com\/index.php?rest_route=\/wp\/v2\/posts\/23600\/revisions"}],"predecessor-version":[{"id":23602,"href":"https:\/\/www.egemtv.com\/index.php?rest_route=\/wp\/v2\/posts\/23600\/revisions\/23602"}],"wp:featuredmedia":[{"embeddable":true,"href":"https:\/\/www.egemtv.com\/index.php?rest_route=\/wp\/v2\/media\/23601"}],"wp:attachment":[{"href":"https:\/\/www.egemtv.com\/index.php?rest_route=%2Fwp%2Fv2%2Fmedia&parent=23600"}],"wp:term":[{"taxonomy":"category","embeddable":true,"href":"https:\/\/www.egemtv.com\/index.php?rest_route=%2Fwp%2Fv2%2Fcategories&post=23600"},{"taxonomy":"post_tag","embeddable":true,"href":"https:\/\/www.egemtv.com\/index.php?rest_route=%2Fwp%2Fv2%2Ftags&post=23600"}],"curies":[{"name":"wp","href":"https:\/\/api.w.org\/{rel}","templated":true}]}}