{"id":23597,"date":"2025-03-03T18:16:48","date_gmt":"2025-03-03T15:16:48","guid":{"rendered":"https:\/\/www.egemtv.com\/?p=23597"},"modified":"2025-03-03T18:16:52","modified_gmt":"2025-03-03T15:16:52","slug":"ispartada-60-bin-adet-kacak-makaron-ele-gecirildi","status":"publish","type":"post","link":"https:\/\/www.egemtv.com\/?p=23597","title":{"rendered":"Isparta\u2019da 60 bin adet ka\u00e7ak makaron ele ge\u00e7irildi"},"content":{"rendered":"<p>Isparta\u2019da jandarma ekiplerinin ger\u00e7ekle\u015ftirdi\u011fi operasyonda 60 bin adet bandrols\u00fcz makaron ele ge\u00e7irildi.<br \/>\n<br \/>\u00c7evre illerden Isparta\u2019ya ka\u00e7ak makaron getirilece\u011fine dair istihbarat \u00fczerine harekete ge\u00e7en \u0130l Jandarma Komutanl\u0131\u011f\u0131 KOM \u015eube M\u00fcd\u00fcrl\u00fc\u011f\u00fc ve Merkez \u0130l\u00e7e Jandarma Komutanl\u0131\u011f\u0131 ekipleri, 1 Mart\u2019ta 2 \u015f\u00fcpheliyi takibe ald\u0131. \u015e\u00fcphelilerin bulundu\u011fu ara\u00e7ta yap\u0131lan aramada, bandrols\u00fcz 60 bin adet makaron ele ge\u00e7irildi. G\u00f6zalt\u0131na al\u0131nan 2 \u015f\u00fcpheli hakk\u0131nda adli i\u015flem ba\u015flat\u0131l\u0131rken, ele ge\u00e7irilen makaronlara el konuldu.<br \/><\/p>\n","protected":false},"excerpt":{"rendered":"<p>Isparta\u2019da jandarma ekiplerinin ger\u00e7ekle\u015ftirdi\u011fi operasyonda 60 bin adet bandrols\u00fcz makaron ele ge\u00e7irildi. \u00c7evre illerden Isparta\u2019ya ka\u00e7ak makaron getirilece\u011fine dair istihbarat \u00fczerine harekete ge\u00e7en \u0130l Jandarma Komutanl\u0131\u011f\u0131 KOM \u015eube M\u00fcd\u00fcrl\u00fc\u011f\u00fc ve Merkez \u0130l\u00e7e Jandarma Komutanl\u0131\u011f\u0131 ekipleri, 1 Mart\u2019ta 2 \u015f\u00fcpheliyi takibe ald\u0131. \u015e\u00fcphelilerin bulundu\u011fu ara\u00e7ta yap\u0131lan aramada, bandrols\u00fcz 60 bin adet makaron ele ge\u00e7irildi. G\u00f6zalt\u0131na al\u0131nan&#8230;<\/p>\n","protected":false},"author":1,"featured_media":23598,"comment_status":"open","ping_status":"open","sticky":false,"template":"","format":"standard","meta":{"_crdt_document":"","footnotes":""},"categories":[5],"tags":[],"class_list":["post-23597","post","type-post","status-publish","format-standard","has-post-thumbnail","hentry","category-asayis"],"_links":{"self":[{"href":"https:\/\/www.egemtv.com\/index.php?rest_route=\/wp\/v2\/posts\/23597","targetHints":{"allow":["GET"]}}],"collection":[{"href":"https:\/\/www.egemtv.com\/index.php?rest_route=\/wp\/v2\/posts"}],"about":[{"href":"https:\/\/www.egemtv.com\/index.php?rest_route=\/wp\/v2\/types\/post"}],"author":[{"embeddable":true,"href":"https:\/\/www.egemtv.com\/index.php?rest_route=\/wp\/v2\/users\/1"}],"replies":[{"embeddable":true,"href":"https:\/\/www.egemtv.com\/index.php?rest_route=%2Fwp%2Fv2%2Fcomments&post=23597"}],"version-history":[{"count":1,"href":"https:\/\/www.egemtv.com\/index.php?rest_route=\/wp\/v2\/posts\/23597\/revisions"}],"predecessor-version":[{"id":23599,"href":"https:\/\/www.egemtv.com\/index.php?rest_route=\/wp\/v2\/posts\/23597\/revisions\/23599"}],"wp:featuredmedia":[{"embeddable":true,"href":"https:\/\/www.egemtv.com\/index.php?rest_route=\/wp\/v2\/media\/23598"}],"wp:attachment":[{"href":"https:\/\/www.egemtv.com\/index.php?rest_route=%2Fwp%2Fv2%2Fmedia&parent=23597"}],"wp:term":[{"taxonomy":"category","embeddable":true,"href":"https:\/\/www.egemtv.com\/index.php?rest_route=%2Fwp%2Fv2%2Fcategories&post=23597"},{"taxonomy":"post_tag","embeddable":true,"href":"https:\/\/www.egemtv.com\/index.php?rest_route=%2Fwp%2Fv2%2Ftags&post=23597"}],"curies":[{"name":"wp","href":"https:\/\/api.w.org\/{rel}","templated":true}]}}