{"id":23594,"date":"2025-03-03T08:28:45","date_gmt":"2025-03-03T05:28:45","guid":{"rendered":"https:\/\/www.egemtv.com\/?p=23594"},"modified":"2025-03-03T08:28:48","modified_gmt":"2025-03-03T05:28:48","slug":"kaleli-ogrenciler-halk-oyunlari-yarismasindan-sampiyonlukla-dondu","status":"publish","type":"post","link":"https:\/\/www.egemtv.com\/?p=23594","title":{"rendered":"Kaleli \u00f6\u011frenciler halk oyunlar\u0131 yar\u0131\u015fmas\u0131ndan \u015fampiyonlukla d\u00f6nd\u00fc"},"content":{"rendered":"<p>DEN\u0130ZL\u0130 (\u0130HA) \u2013 Kale Mustafa \u015eipar Anadolu Lisesi \u00f6\u011frencileri, Denizli Gen\u00e7lik ve Spor \u0130l M\u00fcd\u00fcrl\u00fc\u011f\u00fc taraf\u0131ndan d\u00fczenlenen Spor Okullar\u0131 Yar\u0131\u015fmalar\u0131 Halk Oyunlar\u0131 kategorisinde birinci oldu.<\/p>\n<p>Denizli Gen\u00e7lik ve Spor \u0130l M\u00fcd\u00fcrl\u00fc\u011f\u00fc taraf\u0131ndan d\u00fczenlenen Spor Okullar\u0131 yar\u0131\u015fmalar\u0131 t\u00fcm h\u0131z\u0131yla devam ediyor. Denizli\u2019deki farkl\u0131 okullarda \u00f6\u011frenim g\u00f6ren \u00f6\u011frenciler \u00e7e\u015fitli kategorilerde yar\u0131\u015ft\u0131. Halk Oyunlar\u0131 \u0130l \u015eampiyonas\u0131, Vali Recep Yaz\u0131c\u0131o\u011flu Spor Salonunda ger\u00e7ekle\u015fti. Denizli B\u00fcy\u00fck\u015fehir Belediye Ba\u015fkan\u0131 B\u00fclent Nuri \u00c7avu\u015fo\u011flu, Gen\u00e7lik Spor \u0130l M\u00fcd\u00fcr\u00fc \u00d6mer \u0130lman ve sporcu ailelerinin yan\u0131 s\u0131ra Denizli halk\u0131 da yo\u011fun ilgi g\u00f6sterdi. \u015eampiyonada 6 farkl\u0131 kategoride 14 ekip sahne ald\u0131.<\/p>\n<p>Halk Oyunlar\u0131 milli hakemlerinden olu\u015fan j\u00fcri taraf\u0131ndan ekiplerin k\u0131yafet, uyum ve performanslar\u0131na g\u00f6re yap\u0131lan puanlamalar sonunda dereceye giren ekipler belirlendi.<br \/>\n<br \/>Halk Oyunlar\u0131 kategorisinde yar\u0131\u015fan Kale Mustafa \u015eipar Anadolu Lisesi \u00f6\u011frencileri il \u015fampiyonu oldu. \u00d6\u011frencilere \u00f6d\u00fclleri, Halk Oyunlar\u0131 Federasyonu yetkilileri taraf\u0131ndan verildi.<\/p>\n<p>&#8220;B\u00f6yle bir k\u00fclt\u00fcrel mirasa sahip olman\u0131n gururunu ya\u015f\u0131yoruz&#8221;<br \/>\n<br \/>Halk Oyunlar\u0131n\u0131n, ge\u00e7mi\u015fimizi, tarihimizi, k\u00fclt\u00fcr\u00fcm\u00fcz\u00fc ve bizi biz yapan de\u011ferlerimizi ya\u015fatt\u0131\u011f\u0131n\u0131 s\u00f6yleyen Gen\u00e7lik ve Spor \u0130l M\u00fcd\u00fcrl\u00fc\u011f\u00fc yetkilileri, b\u00f6yle bir k\u00fclt\u00fcr miras\u0131na sahip olman\u0131n gururunu ya\u015fad\u0131klar\u0131n\u0131 ifade etti. Yetkililer, gelenek ve g\u00f6reneklerine sahip \u00e7\u0131karak co\u015fkuyu ya\u015fatan halk oyunu ekiplerine, antren\u00f6rlere ve onlara destek olan ailelere te\u015fekk\u00fcr etti.<br \/><\/p>\n","protected":false},"excerpt":{"rendered":"<p>DEN\u0130ZL\u0130 (\u0130HA) \u2013 Kale Mustafa \u015eipar Anadolu Lisesi \u00f6\u011frencileri, Denizli Gen\u00e7lik ve Spor \u0130l M\u00fcd\u00fcrl\u00fc\u011f\u00fc taraf\u0131ndan d\u00fczenlenen Spor Okullar\u0131 Yar\u0131\u015fmalar\u0131 Halk Oyunlar\u0131 kategorisinde birinci oldu. Denizli Gen\u00e7lik ve Spor \u0130l M\u00fcd\u00fcrl\u00fc\u011f\u00fc taraf\u0131ndan d\u00fczenlenen Spor Okullar\u0131 yar\u0131\u015fmalar\u0131 t\u00fcm h\u0131z\u0131yla devam ediyor. Denizli\u2019deki farkl\u0131 okullarda \u00f6\u011frenim g\u00f6ren \u00f6\u011frenciler \u00e7e\u015fitli kategorilerde yar\u0131\u015ft\u0131. Halk Oyunlar\u0131 \u0130l \u015eampiyonas\u0131, Vali Recep&#8230;<\/p>\n","protected":false},"author":1,"featured_media":23595,"comment_status":"open","ping_status":"open","sticky":false,"template":"","format":"standard","meta":{"_crdt_document":"","footnotes":""},"categories":[1],"tags":[],"class_list":["post-23594","post","type-post","status-publish","format-standard","has-post-thumbnail","hentry","category-guncel"],"_links":{"self":[{"href":"https:\/\/www.egemtv.com\/index.php?rest_route=\/wp\/v2\/posts\/23594","targetHints":{"allow":["GET"]}}],"collection":[{"href":"https:\/\/www.egemtv.com\/index.php?rest_route=\/wp\/v2\/posts"}],"about":[{"href":"https:\/\/www.egemtv.com\/index.php?rest_route=\/wp\/v2\/types\/post"}],"author":[{"embeddable":true,"href":"https:\/\/www.egemtv.com\/index.php?rest_route=\/wp\/v2\/users\/1"}],"replies":[{"embeddable":true,"href":"https:\/\/www.egemtv.com\/index.php?rest_route=%2Fwp%2Fv2%2Fcomments&post=23594"}],"version-history":[{"count":1,"href":"https:\/\/www.egemtv.com\/index.php?rest_route=\/wp\/v2\/posts\/23594\/revisions"}],"predecessor-version":[{"id":23596,"href":"https:\/\/www.egemtv.com\/index.php?rest_route=\/wp\/v2\/posts\/23594\/revisions\/23596"}],"wp:featuredmedia":[{"embeddable":true,"href":"https:\/\/www.egemtv.com\/index.php?rest_route=\/wp\/v2\/media\/23595"}],"wp:attachment":[{"href":"https:\/\/www.egemtv.com\/index.php?rest_route=%2Fwp%2Fv2%2Fmedia&parent=23594"}],"wp:term":[{"taxonomy":"category","embeddable":true,"href":"https:\/\/www.egemtv.com\/index.php?rest_route=%2Fwp%2Fv2%2Fcategories&post=23594"},{"taxonomy":"post_tag","embeddable":true,"href":"https:\/\/www.egemtv.com\/index.php?rest_route=%2Fwp%2Fv2%2Ftags&post=23594"}],"curies":[{"name":"wp","href":"https:\/\/api.w.org\/{rel}","templated":true}]}}