{"id":23588,"date":"2025-03-02T22:32:17","date_gmt":"2025-03-02T19:32:17","guid":{"rendered":"https:\/\/www.egemtv.com\/?p=23588"},"modified":"2025-03-02T22:32:19","modified_gmt":"2025-03-02T19:32:19","slug":"manisada-3-yasindaki-cocuk-yanginda-hayatini-kaybetti","status":"publish","type":"post","link":"https:\/\/www.egemtv.com\/?p=23588","title":{"rendered":"Manisa\u2019da 3 ya\u015f\u0131ndaki \u00e7ocuk yang\u0131nda hayat\u0131n\u0131 kaybetti"},"content":{"rendered":"<p>Manisa\u2019n\u0131n Akhisar il\u00e7esinde bir evde \u00e7\u0131kan yang\u0131nda 3 ya\u015f\u0131ndaki \u00e7ocuk hayat\u0131n\u0131 kaybetti.<br \/>\n<br \/>Edinilen bilgiye g\u00f6re, Hac\u0131ishak Mahallesi 135. Sokak\u2019ta tek katl\u0131 evde belirlenemeyen bir sebeple \u00e7\u0131kan yang\u0131n k\u0131sa s\u00fcrede b\u00fcy\u00fcd\u00fc. \u00c7evredeki vatanda\u015flar\u0131n ihbar\u0131 \u00fczerine olay yerine sa\u011fl\u0131k, itfaiye ve polis ekipleri sevk edildi. \u0130tfaiye ekipleri alevlere h\u0131zla m\u00fcdahale ederek, yang\u0131n\u0131 kontrol alt\u0131na ald\u0131. Yang\u0131n s\u00f6nd\u00fcr\u00fcld\u00fckten sonra evde 3 ya\u015f\u0131ndaki G\u00fcnay Bilgen isimli \u00e7ocu\u011fun cans\u0131z bedenine ula\u015f\u0131ld\u0131. Yang\u0131n s\u0131ras\u0131nda \u00e7ocu\u011fun evde yaln\u0131z oldu\u011fu \u00f6\u011frenildi.<br \/>\n<br \/>Yang\u0131nla ilgili soru\u015fturma ba\u015flat\u0131ld\u0131.<br \/><\/p>\n","protected":false},"excerpt":{"rendered":"<p>Manisa\u2019n\u0131n Akhisar il\u00e7esinde bir evde \u00e7\u0131kan yang\u0131nda 3 ya\u015f\u0131ndaki \u00e7ocuk hayat\u0131n\u0131 kaybetti. Edinilen bilgiye g\u00f6re, Hac\u0131ishak Mahallesi 135. Sokak\u2019ta tek katl\u0131 evde belirlenemeyen bir sebeple \u00e7\u0131kan yang\u0131n k\u0131sa s\u00fcrede b\u00fcy\u00fcd\u00fc. \u00c7evredeki vatanda\u015flar\u0131n ihbar\u0131 \u00fczerine olay yerine sa\u011fl\u0131k, itfaiye ve polis ekipleri sevk edildi. \u0130tfaiye ekipleri alevlere h\u0131zla m\u00fcdahale ederek, yang\u0131n\u0131 kontrol alt\u0131na ald\u0131. Yang\u0131n s\u00f6nd\u00fcr\u00fcld\u00fckten&#8230;<\/p>\n","protected":false},"author":1,"featured_media":23589,"comment_status":"open","ping_status":"open","sticky":false,"template":"","format":"standard","meta":{"_crdt_document":"","footnotes":""},"categories":[5],"tags":[],"class_list":["post-23588","post","type-post","status-publish","format-standard","has-post-thumbnail","hentry","category-asayis"],"_links":{"self":[{"href":"https:\/\/www.egemtv.com\/index.php?rest_route=\/wp\/v2\/posts\/23588","targetHints":{"allow":["GET"]}}],"collection":[{"href":"https:\/\/www.egemtv.com\/index.php?rest_route=\/wp\/v2\/posts"}],"about":[{"href":"https:\/\/www.egemtv.com\/index.php?rest_route=\/wp\/v2\/types\/post"}],"author":[{"embeddable":true,"href":"https:\/\/www.egemtv.com\/index.php?rest_route=\/wp\/v2\/users\/1"}],"replies":[{"embeddable":true,"href":"https:\/\/www.egemtv.com\/index.php?rest_route=%2Fwp%2Fv2%2Fcomments&post=23588"}],"version-history":[{"count":1,"href":"https:\/\/www.egemtv.com\/index.php?rest_route=\/wp\/v2\/posts\/23588\/revisions"}],"predecessor-version":[{"id":23590,"href":"https:\/\/www.egemtv.com\/index.php?rest_route=\/wp\/v2\/posts\/23588\/revisions\/23590"}],"wp:featuredmedia":[{"embeddable":true,"href":"https:\/\/www.egemtv.com\/index.php?rest_route=\/wp\/v2\/media\/23589"}],"wp:attachment":[{"href":"https:\/\/www.egemtv.com\/index.php?rest_route=%2Fwp%2Fv2%2Fmedia&parent=23588"}],"wp:term":[{"taxonomy":"category","embeddable":true,"href":"https:\/\/www.egemtv.com\/index.php?rest_route=%2Fwp%2Fv2%2Fcategories&post=23588"},{"taxonomy":"post_tag","embeddable":true,"href":"https:\/\/www.egemtv.com\/index.php?rest_route=%2Fwp%2Fv2%2Ftags&post=23588"}],"curies":[{"name":"wp","href":"https:\/\/api.w.org\/{rel}","templated":true}]}}