{"id":23585,"date":"2025-03-02T21:24:24","date_gmt":"2025-03-02T18:24:24","guid":{"rendered":"https:\/\/www.egemtv.com\/?p=23585"},"modified":"2025-03-02T21:24:29","modified_gmt":"2025-03-02T18:24:29","slug":"baskan-kara-sehit-ailesinin-iftar-sofrasina-konuk-oldu","status":"publish","type":"post","link":"https:\/\/www.egemtv.com\/?p=23585","title":{"rendered":"Ba\u015fkan Kara \u015fehit ailesinin iftar sofras\u0131na konuk oldu"},"content":{"rendered":"<p>Demirci Belediye Ba\u015fkan\u0131 Erkan Kara, Beyaz\u0131t Mahallesinde ikamet eden \u015eehit Jandarma Er \u0130hsan T\u00fcfenk\u00e7i\u2019nin Ailesinin evinde iftar sofras\u0131na konuk oldu.<br \/>\n<br \/>Belediye Ba\u015fkan\u0131 Erkan Kara, &#8220;Rahmet ve bereket ay\u0131 Ramazan-\u0131 \u015eerif\u2019te belediye olarak ihtiya\u00e7 sahibi, kimsesiz ve hasta vatanda\u015flar\u0131n evlerine iftar yeme\u011fi g\u00f6nderiyoruz. \u015eehit ailelerimizi de evlerinde ziyaret ediyor taleplerini dinliyoruz. Bug\u00fcn \u015eehidimiz \u0130hsan T\u00fcfenk\u00e7i\u2019nin Annesi Emine T\u00fcfenk\u00e7i ve ailesinin evine iftarda misafir olduk. Misafirperverliklerinden dolay\u0131 te\u015fekk\u00fcr ediyorum. Belediye olarak \u015fehit ailelerimizin, gazilerimizin ve gazi ailelerimizin her zaman yan\u0131nday\u0131z.&#8221; dedi.<br \/><\/p>\n","protected":false},"excerpt":{"rendered":"<p>Demirci Belediye Ba\u015fkan\u0131 Erkan Kara, Beyaz\u0131t Mahallesinde ikamet eden \u015eehit Jandarma Er \u0130hsan T\u00fcfenk\u00e7i\u2019nin Ailesinin evinde iftar sofras\u0131na konuk oldu. Belediye Ba\u015fkan\u0131 Erkan Kara, &#8220;Rahmet ve bereket ay\u0131 Ramazan-\u0131 \u015eerif\u2019te belediye olarak ihtiya\u00e7 sahibi, kimsesiz ve hasta vatanda\u015flar\u0131n evlerine iftar yeme\u011fi g\u00f6nderiyoruz. \u015eehit ailelerimizi de evlerinde ziyaret ediyor taleplerini dinliyoruz. Bug\u00fcn \u015eehidimiz \u0130hsan T\u00fcfenk\u00e7i\u2019nin Annesi&#8230;<\/p>\n","protected":false},"author":1,"featured_media":23586,"comment_status":"open","ping_status":"open","sticky":false,"template":"","format":"standard","meta":{"_crdt_document":"","footnotes":""},"categories":[127],"tags":[],"class_list":["post-23585","post","type-post","status-publish","format-standard","has-post-thumbnail","hentry","category-siyaset"],"_links":{"self":[{"href":"https:\/\/www.egemtv.com\/index.php?rest_route=\/wp\/v2\/posts\/23585","targetHints":{"allow":["GET"]}}],"collection":[{"href":"https:\/\/www.egemtv.com\/index.php?rest_route=\/wp\/v2\/posts"}],"about":[{"href":"https:\/\/www.egemtv.com\/index.php?rest_route=\/wp\/v2\/types\/post"}],"author":[{"embeddable":true,"href":"https:\/\/www.egemtv.com\/index.php?rest_route=\/wp\/v2\/users\/1"}],"replies":[{"embeddable":true,"href":"https:\/\/www.egemtv.com\/index.php?rest_route=%2Fwp%2Fv2%2Fcomments&post=23585"}],"version-history":[{"count":1,"href":"https:\/\/www.egemtv.com\/index.php?rest_route=\/wp\/v2\/posts\/23585\/revisions"}],"predecessor-version":[{"id":23587,"href":"https:\/\/www.egemtv.com\/index.php?rest_route=\/wp\/v2\/posts\/23585\/revisions\/23587"}],"wp:featuredmedia":[{"embeddable":true,"href":"https:\/\/www.egemtv.com\/index.php?rest_route=\/wp\/v2\/media\/23586"}],"wp:attachment":[{"href":"https:\/\/www.egemtv.com\/index.php?rest_route=%2Fwp%2Fv2%2Fmedia&parent=23585"}],"wp:term":[{"taxonomy":"category","embeddable":true,"href":"https:\/\/www.egemtv.com\/index.php?rest_route=%2Fwp%2Fv2%2Fcategories&post=23585"},{"taxonomy":"post_tag","embeddable":true,"href":"https:\/\/www.egemtv.com\/index.php?rest_route=%2Fwp%2Fv2%2Ftags&post=23585"}],"curies":[{"name":"wp","href":"https:\/\/api.w.org\/{rel}","templated":true}]}}