{"id":23582,"date":"2025-03-02T21:08:36","date_gmt":"2025-03-02T18:08:36","guid":{"rendered":"https:\/\/www.egemtv.com\/?p=23582"},"modified":"2025-03-02T21:08:40","modified_gmt":"2025-03-02T18:08:40","slug":"marmaris-belediyesinden-her-gun-3-cesit-iftarlik","status":"publish","type":"post","link":"https:\/\/www.egemtv.com\/?p=23582","title":{"rendered":"Marmaris Belediyesi\u2019nden her g\u00fcn 3 \u00e7e\u015fit iftarl\u0131k"},"content":{"rendered":"<p>Marmaris Belediyesi, Ramazan ay\u0131nda da ihtiya\u00e7 sahibi vatanda\u015flar\u0131n yan\u0131nda olmaya devam ediyor.  Her g\u00fcn 3 \u00e7e\u015fit s\u0131cak yemek da\u011f\u0131tan Belediye y\u00fczlerce ailenin y\u00fcz\u00fcn\u00fc g\u00fcld\u00fcr\u00fcyor.<\/p>\n<p>Marmaris Belediyesi, yard\u0131mla\u015fma ve payla\u015fma duygular\u0131n\u0131n yo\u011fun olarak ya\u015fand\u0131\u011f\u0131 Ramazan ay\u0131nda da ihtiya\u00e7 sahibi vatanda\u015flar\u0131n yan\u0131nda oluyor. Belediye Ramazan ay\u0131 boyunca her g\u00fcn \u00fc\u00e7 \u00e7e\u015fit yemek da\u011f\u0131t\u0131m\u0131 ger\u00e7ekle\u015ftiriyor. Belediye a\u015f\u00e7\u0131lar\u0131n\u0131n pi\u015firdi\u011fi yemekler \u00c7\u0131ld\u0131r Mahallesi 166 Sokak\u2019ta konu\u015flanan ikram arac\u0131nda halka ula\u015ft\u0131r\u0131l\u0131yor. \u0130htiya\u00e7 sahibi bir\u00e7ok vatanda\u015f\u0131n b\u00fct\u00e7esine katk\u0131 sa\u011fl\u0131yor.<\/p>\n<p>Ramazan\u0131n ilk g\u00fcn\u00fc ger\u00e7ekleyen yemek da\u011f\u0131t\u0131m\u0131na Marmaris Belediye Ba\u015fkan\u0131 Acar \u00dcnl\u00fc de kat\u0131ld\u0131. Bir s\u00fcre yemek de da\u011f\u0131tan Ba\u015fkan \u00dcnl\u00fc, vatanda\u015flara hay\u0131rl\u0131 Ramazanlar diledi. &#8220;Belediyemizde g\u00f6revli a\u015f\u00e7\u0131lar\u0131m\u0131z taraf\u0131ndan haz\u0131rlanan yemekleri Ramazan ay\u0131 boyunca ihtiya\u00e7 sahibi vatanda\u015flar\u0131m\u0131za ikram edece\u011fiz. Ramazan\u2019\u0131n ruhu olan payla\u015fman\u0131n, dayan\u0131\u015fman\u0131n ve birlikteli\u011fin huzurunu hep beraber ya\u015fayaca\u011f\u0131z. Hay\u0131rl\u0131 Ramazanlar&#8221; ifadelerini kulland\u0131.<br \/><\/p>\n","protected":false},"excerpt":{"rendered":"<p>Marmaris Belediyesi, Ramazan ay\u0131nda da ihtiya\u00e7 sahibi vatanda\u015flar\u0131n yan\u0131nda olmaya devam ediyor. Her g\u00fcn 3 \u00e7e\u015fit s\u0131cak yemek da\u011f\u0131tan Belediye y\u00fczlerce ailenin y\u00fcz\u00fcn\u00fc g\u00fcld\u00fcr\u00fcyor. Marmaris Belediyesi, yard\u0131mla\u015fma ve payla\u015fma duygular\u0131n\u0131n yo\u011fun olarak ya\u015fand\u0131\u011f\u0131 Ramazan ay\u0131nda da ihtiya\u00e7 sahibi vatanda\u015flar\u0131n yan\u0131nda oluyor. Belediye Ramazan ay\u0131 boyunca her g\u00fcn \u00fc\u00e7 \u00e7e\u015fit yemek da\u011f\u0131t\u0131m\u0131 ger\u00e7ekle\u015ftiriyor. Belediye a\u015f\u00e7\u0131lar\u0131n\u0131n pi\u015firdi\u011fi&#8230;<\/p>\n","protected":false},"author":1,"featured_media":23583,"comment_status":"open","ping_status":"open","sticky":false,"template":"","format":"standard","meta":{"_crdt_document":"","footnotes":""},"categories":[1],"tags":[],"class_list":["post-23582","post","type-post","status-publish","format-standard","has-post-thumbnail","hentry","category-guncel"],"_links":{"self":[{"href":"https:\/\/www.egemtv.com\/index.php?rest_route=\/wp\/v2\/posts\/23582","targetHints":{"allow":["GET"]}}],"collection":[{"href":"https:\/\/www.egemtv.com\/index.php?rest_route=\/wp\/v2\/posts"}],"about":[{"href":"https:\/\/www.egemtv.com\/index.php?rest_route=\/wp\/v2\/types\/post"}],"author":[{"embeddable":true,"href":"https:\/\/www.egemtv.com\/index.php?rest_route=\/wp\/v2\/users\/1"}],"replies":[{"embeddable":true,"href":"https:\/\/www.egemtv.com\/index.php?rest_route=%2Fwp%2Fv2%2Fcomments&post=23582"}],"version-history":[{"count":1,"href":"https:\/\/www.egemtv.com\/index.php?rest_route=\/wp\/v2\/posts\/23582\/revisions"}],"predecessor-version":[{"id":23584,"href":"https:\/\/www.egemtv.com\/index.php?rest_route=\/wp\/v2\/posts\/23582\/revisions\/23584"}],"wp:featuredmedia":[{"embeddable":true,"href":"https:\/\/www.egemtv.com\/index.php?rest_route=\/wp\/v2\/media\/23583"}],"wp:attachment":[{"href":"https:\/\/www.egemtv.com\/index.php?rest_route=%2Fwp%2Fv2%2Fmedia&parent=23582"}],"wp:term":[{"taxonomy":"category","embeddable":true,"href":"https:\/\/www.egemtv.com\/index.php?rest_route=%2Fwp%2Fv2%2Fcategories&post=23582"},{"taxonomy":"post_tag","embeddable":true,"href":"https:\/\/www.egemtv.com\/index.php?rest_route=%2Fwp%2Fv2%2Ftags&post=23582"}],"curies":[{"name":"wp","href":"https:\/\/api.w.org\/{rel}","templated":true}]}}