{"id":23579,"date":"2025-03-02T21:08:32","date_gmt":"2025-03-02T18:08:32","guid":{"rendered":"https:\/\/www.egemtv.com\/?p=23579"},"modified":"2025-03-02T21:08:36","modified_gmt":"2025-03-02T18:08:36","slug":"baskan-cercioglu-on-binlerce-aydinliyi-iftar-sofralarinda-bulusturuyor","status":"publish","type":"post","link":"https:\/\/www.egemtv.com\/?p=23579","title":{"rendered":"Ba\u015fkan \u00c7er\u00e7io\u011flu on binlerce Ayd\u0131nl\u0131y\u0131 iftar sofralar\u0131nda bulu\u015fturuyor"},"content":{"rendered":"<p>Ayd\u0131n B\u00fcy\u00fck\u015fehir Belediyesi taraf\u0131ndan Ramazan ay\u0131 nedeniyle kentin farkl\u0131 noktalar\u0131nda iftar sofralar\u0131 kurulmaya devam ediyor. B\u00fcy\u00fck\u015fehir Belediyesi\u2019nin sofralar\u0131nda on binlerce Ayd\u0131nl\u0131 iftarlar\u0131n\u0131 hep birlikte a\u00e7\u0131yor.<\/p>\n<p>Ayd\u0131n B\u00fcy\u00fck\u015fehir Belediyesi taraf\u0131ndan bug\u00fcn de 7 farkl\u0131 noktada iftar program\u0131 d\u00fczenlendi. Efeler il\u00e7esi Atat\u00fcrk Kent Meydan\u0131 ve Karde\u015fk\u00f6y Mahallesi, S\u00f6ke il\u00e7esi \u00c7eltik\u00e7i Mahallesi, Nazilli il\u00e7esi Aksu Mahallesi, Ko\u00e7arl\u0131 il\u00e7esi Mersinbelen Mahallesi, \u00c7ine il\u00e7esi Evciler Mahallesi ve K\u00f6\u015fk il\u00e7esi Beyk\u00f6y Mahallesi\u2019nde iftar sofralar\u0131 kuruldu.<\/p>\n<p>Ayd\u0131n B\u00fcy\u00fck\u015fehir Belediye Ba\u015fkan\u0131 \u00d6zlem \u00c7er\u00e7io\u011flu, Cumhuriyet Halk Partisi (CHP) Ayd\u0131n \u0130l Ba\u015fkan\u0131 Hikmet Saat\u00e7\u0131, CHP Efeler \u0130l\u00e7e Ba\u015fkan\u0131 Vas\u0131f S\u00fcha Bay\u0131rl\u0131 ve Efeler Belediye Ba\u015fkan\u0131 An\u0131l Yeti\u015fkin ile birlikte Atat\u00fcrk Kent Meydan\u0131\u2019nda d\u00fczenlenen iftarda vatanda\u015flar ile bir araya geldi. Ba\u015fkan \u00c7er\u00e7io\u011flu, Ayd\u0131n\u2019da Ramazan ay\u0131n\u0131n birlik ve beraberlik i\u00e7erisinde ge\u00e7ece\u011fini belirterek t\u00fcm vatanda\u015flar\u0131 B\u00fcy\u00fck\u015fehir Belediyesi\u2019nin iftar sofralar\u0131na davet etti.<\/p>\n<p>B\u00fcy\u00fck\u015fehir Belediyesi\u2019nin sofralar\u0131nda iftarlar\u0131n\u0131 a\u00e7an vatanda\u015flar, Ba\u015fkan \u00c7er\u00e7io\u011flu\u2019na te\u015fekk\u00fcr etti.<br \/><\/p>\n","protected":false},"excerpt":{"rendered":"<p>Ayd\u0131n B\u00fcy\u00fck\u015fehir Belediyesi taraf\u0131ndan Ramazan ay\u0131 nedeniyle kentin farkl\u0131 noktalar\u0131nda iftar sofralar\u0131 kurulmaya devam ediyor. B\u00fcy\u00fck\u015fehir Belediyesi\u2019nin sofralar\u0131nda on binlerce Ayd\u0131nl\u0131 iftarlar\u0131n\u0131 hep birlikte a\u00e7\u0131yor. Ayd\u0131n B\u00fcy\u00fck\u015fehir Belediyesi taraf\u0131ndan bug\u00fcn de 7 farkl\u0131 noktada iftar program\u0131 d\u00fczenlendi. Efeler il\u00e7esi Atat\u00fcrk Kent Meydan\u0131 ve Karde\u015fk\u00f6y Mahallesi, S\u00f6ke il\u00e7esi \u00c7eltik\u00e7i Mahallesi, Nazilli il\u00e7esi Aksu Mahallesi, Ko\u00e7arl\u0131 il\u00e7esi&#8230;<\/p>\n","protected":false},"author":1,"featured_media":23580,"comment_status":"open","ping_status":"open","sticky":false,"template":"","format":"standard","meta":{"_crdt_document":"","footnotes":""},"categories":[1],"tags":[],"class_list":["post-23579","post","type-post","status-publish","format-standard","has-post-thumbnail","hentry","category-guncel"],"_links":{"self":[{"href":"https:\/\/www.egemtv.com\/index.php?rest_route=\/wp\/v2\/posts\/23579","targetHints":{"allow":["GET"]}}],"collection":[{"href":"https:\/\/www.egemtv.com\/index.php?rest_route=\/wp\/v2\/posts"}],"about":[{"href":"https:\/\/www.egemtv.com\/index.php?rest_route=\/wp\/v2\/types\/post"}],"author":[{"embeddable":true,"href":"https:\/\/www.egemtv.com\/index.php?rest_route=\/wp\/v2\/users\/1"}],"replies":[{"embeddable":true,"href":"https:\/\/www.egemtv.com\/index.php?rest_route=%2Fwp%2Fv2%2Fcomments&post=23579"}],"version-history":[{"count":1,"href":"https:\/\/www.egemtv.com\/index.php?rest_route=\/wp\/v2\/posts\/23579\/revisions"}],"predecessor-version":[{"id":23581,"href":"https:\/\/www.egemtv.com\/index.php?rest_route=\/wp\/v2\/posts\/23579\/revisions\/23581"}],"wp:featuredmedia":[{"embeddable":true,"href":"https:\/\/www.egemtv.com\/index.php?rest_route=\/wp\/v2\/media\/23580"}],"wp:attachment":[{"href":"https:\/\/www.egemtv.com\/index.php?rest_route=%2Fwp%2Fv2%2Fmedia&parent=23579"}],"wp:term":[{"taxonomy":"category","embeddable":true,"href":"https:\/\/www.egemtv.com\/index.php?rest_route=%2Fwp%2Fv2%2Fcategories&post=23579"},{"taxonomy":"post_tag","embeddable":true,"href":"https:\/\/www.egemtv.com\/index.php?rest_route=%2Fwp%2Fv2%2Ftags&post=23579"}],"curies":[{"name":"wp","href":"https:\/\/api.w.org\/{rel}","templated":true}]}}