{"id":23576,"date":"2025-03-02T19:55:48","date_gmt":"2025-03-02T16:55:48","guid":{"rendered":"https:\/\/www.egemtv.com\/?p=23576"},"modified":"2025-03-02T19:55:52","modified_gmt":"2025-03-02T16:55:52","slug":"kutahya-emir-sultan-kuran-kursu-kapasitesini-artirmak-icin-destek-bekliyor","status":"publish","type":"post","link":"https:\/\/www.egemtv.com\/?p=23576","title":{"rendered":"K\u00fctahya Emir Sultan Kur\u2019an Kursu kapasitesini art\u0131rmak i\u00e7in destek bekliyor"},"content":{"rendered":"<p>K\u00fctahya\u2019n\u0131n \u00f6nemli e\u011fitim kurumlar\u0131ndan biri olan M\u00fcft\u00fcl\u00fck Emir Sultan Kur\u2019an Kursu, artan talebe yan\u0131t verebilmek amac\u0131yla kapasitesini art\u0131rmay\u0131 hedefliyor. Emir Sultan Camii ve Kur\u2019an Kursu Yapt\u0131rma ve Ya\u015fatma Derne\u011fi Ba\u015fkan\u0131 Ahmet Tu\u011fral, ek bina in\u015faat\u0131 i\u00e7in gerekli izinlerin al\u0131nmas\u0131 s\u00fcrecinde kar\u015f\u0131la\u015ft\u0131klar\u0131 engellerin a\u015f\u0131lmas\u0131 konusunda yetkililerden ve kamuoyundan destek beklediklerini a\u00e7\u0131klad\u0131.<br \/>\n<br \/>2011 y\u0131l\u0131nda kurulan dernek, be\u015f y\u0131ll\u0131k yo\u011fun bir \u00e7al\u0131\u015fman\u0131n ard\u0131ndan Emir Sultan Kur\u2019an Kursu\u2019nun in\u015faat\u0131n\u0131 tamamlad\u0131 ve 2017 y\u0131l\u0131nda K\u00fctahya \u0130l M\u00fcft\u00fcl\u00fc\u011f\u00fcne devretti. O g\u00fcnden bu yana bir\u00e7ok haf\u0131z yeti\u015ftiren kurs, her y\u0131l d\u00fczenlenen haf\u0131zl\u0131k icazet t\u00f6renleriyle dikkat \u00e7ekiyor. Kurs \u00f6\u011frencileri aras\u0131ndan il birincileri ve hatta T\u00fcrkiye birincileri \u00e7\u0131karken, Emir Sultan Kur\u2019an Kursu \u00fclke \u00e7ap\u0131nda tan\u0131nan bir e\u011fitim yuvas\u0131 haline geldi. \u015eu an 100 \u00f6\u011frencinin yat\u0131l\u0131 olarak e\u011fitim g\u00f6rd\u00fc\u011f\u00fc Kur\u2019an kursu, ayn\u0131 zamanda Milli E\u011fitim Bakanl\u0131\u011f\u0131\u2019n\u0131n &#8220;\u00d6rg\u00fcn E\u011fitimle Birlikte Haf\u0131zl\u0131k Program\u0131&#8221; kapsam\u0131nda Evliya \u00c7elebi \u0130mam Hatip Ortaokulu ile i\u015f birli\u011fi i\u00e7inde \u00e7al\u0131\u015f\u0131yor. B\u00f6ylece \u00f6\u011frenciler hem haf\u0131zl\u0131k e\u011fitimi al\u0131yor hem de \u00f6rg\u00fcn e\u011fitimlerine devam edebiliyor. Bunun yan\u0131 s\u0131ra, Cumhurba\u015fkanl\u0131\u011f\u0131n\u0131n \u00f6nem verdi\u011fi 4-6 ya\u015f Kur\u2019an kursu da faaliyete ge\u00e7irilerek, 50\u2019den fazla \u00e7ocu\u011fa e\u011fitim imk\u00e2n\u0131 sunuluyor.<\/p>\n<p>&#8220;Ek bina projesi engelleniyor&#8221;<br \/>\n<br \/>Emir Sultan Camii ve Kur\u2019an Kursu Yapt\u0131rma ve Ya\u015fatma Derne\u011fi Ba\u015fkan\u0131 Ahmet Tu\u011fral, mevcut kapasitenin yetersiz kald\u0131\u011f\u0131n\u0131 ve bir\u00e7ok \u00f6\u011frencinin geri \u00e7evrilmek zorunda kald\u0131\u011f\u0131n\u0131 belirterek, yeni bir ek bina yap\u0131m\u0131 i\u00e7in \u00e7al\u0131\u015fmalara ba\u015flad\u0131klar\u0131n\u0131 ifade etti. Binan\u0131n hemen yan\u0131nda bulunan arsan\u0131n tahsisinin tamamland\u0131\u011f\u0131n\u0131, yeni bina ile kapasitenin y\u00fczde 50 art\u0131r\u0131lmas\u0131nin hedeflendi\u011fi belirten Tu\u011fral, ancak ge\u00e7mi\u015f d\u00f6nemlerde \u00e7e\u015fitli gerek\u00e7elerle in\u015faat izinlerinin geciktirildi\u011fini \u00f6ne s\u00fcrd\u00fc. Tu\u011fral, bug\u00fcn de mahallede baz\u0131 ki\u015filerin yanl\u0131\u015f y\u00f6nlendirmelerle ek bina projesini engellemeye \u00e7al\u0131\u015ft\u0131\u011f\u0131n\u0131 dile getirdi. Tu\u011fral, &#8220;\u00d6ne s\u00fcr\u00fclen t\u00fcm bahanelerin gere\u011fi yerine getirildi. Ancak baz\u0131 ki\u015filerin as\u0131ls\u0131z iddialar\u0131yla s\u00fcre\u00e7 tekrar engellenmek isteniyor. Emir Sultan Kur\u2019an Kursu\u2019na ek bina yaparak haf\u0131zl\u0131k yapmak isteyen daha fazla \u00f6\u011frencimizin kabul edilmesini sa\u011flamay\u0131 ama\u00e7l\u0131yoruz&#8221; diyerek K\u00fctahya Valisi, Belediye Ba\u015fkan\u0131, \u015fehir y\u00f6neticileri ve halktan destek beklediklerini belirtti.<br \/>\n<br \/>Ahmet Tu\u011fral, &#8220;H\u0131zla bozulan gen\u00e7 nesle kar\u015f\u0131 bu p\u0131r\u0131l p\u0131r\u0131l haf\u0131zlar\u0131m\u0131z\u0131n say\u0131s\u0131n\u0131 art\u0131rmak ve onlar\u0131 daha donan\u0131ml\u0131 yeti\u015ftirmek istiyoruz. Gelin bize destek olun ve bu i\u015fi birlikte ba\u015faral\u0131m&#8221; dedi.<br \/><\/p>\n","protected":false},"excerpt":{"rendered":"<p>K\u00fctahya\u2019n\u0131n \u00f6nemli e\u011fitim kurumlar\u0131ndan biri olan M\u00fcft\u00fcl\u00fck Emir Sultan Kur\u2019an Kursu, artan talebe yan\u0131t verebilmek amac\u0131yla kapasitesini art\u0131rmay\u0131 hedefliyor. Emir Sultan Camii ve Kur\u2019an Kursu Yapt\u0131rma ve Ya\u015fatma Derne\u011fi Ba\u015fkan\u0131 Ahmet Tu\u011fral, ek bina in\u015faat\u0131 i\u00e7in gerekli izinlerin al\u0131nmas\u0131 s\u00fcrecinde kar\u015f\u0131la\u015ft\u0131klar\u0131 engellerin a\u015f\u0131lmas\u0131 konusunda yetkililerden ve kamuoyundan destek beklediklerini a\u00e7\u0131klad\u0131. 2011 y\u0131l\u0131nda kurulan dernek, be\u015f&#8230;<\/p>\n","protected":false},"author":1,"featured_media":23577,"comment_status":"open","ping_status":"open","sticky":false,"template":"","format":"standard","meta":{"_crdt_document":"","footnotes":""},"categories":[1],"tags":[],"class_list":["post-23576","post","type-post","status-publish","format-standard","has-post-thumbnail","hentry","category-guncel"],"_links":{"self":[{"href":"https:\/\/www.egemtv.com\/index.php?rest_route=\/wp\/v2\/posts\/23576","targetHints":{"allow":["GET"]}}],"collection":[{"href":"https:\/\/www.egemtv.com\/index.php?rest_route=\/wp\/v2\/posts"}],"about":[{"href":"https:\/\/www.egemtv.com\/index.php?rest_route=\/wp\/v2\/types\/post"}],"author":[{"embeddable":true,"href":"https:\/\/www.egemtv.com\/index.php?rest_route=\/wp\/v2\/users\/1"}],"replies":[{"embeddable":true,"href":"https:\/\/www.egemtv.com\/index.php?rest_route=%2Fwp%2Fv2%2Fcomments&post=23576"}],"version-history":[{"count":1,"href":"https:\/\/www.egemtv.com\/index.php?rest_route=\/wp\/v2\/posts\/23576\/revisions"}],"predecessor-version":[{"id":23578,"href":"https:\/\/www.egemtv.com\/index.php?rest_route=\/wp\/v2\/posts\/23576\/revisions\/23578"}],"wp:featuredmedia":[{"embeddable":true,"href":"https:\/\/www.egemtv.com\/index.php?rest_route=\/wp\/v2\/media\/23577"}],"wp:attachment":[{"href":"https:\/\/www.egemtv.com\/index.php?rest_route=%2Fwp%2Fv2%2Fmedia&parent=23576"}],"wp:term":[{"taxonomy":"category","embeddable":true,"href":"https:\/\/www.egemtv.com\/index.php?rest_route=%2Fwp%2Fv2%2Fcategories&post=23576"},{"taxonomy":"post_tag","embeddable":true,"href":"https:\/\/www.egemtv.com\/index.php?rest_route=%2Fwp%2Fv2%2Ftags&post=23576"}],"curies":[{"name":"wp","href":"https:\/\/api.w.org\/{rel}","templated":true}]}}