{"id":23573,"date":"2025-03-02T19:16:00","date_gmt":"2025-03-02T16:16:00","guid":{"rendered":"https:\/\/www.egemtv.com\/?p=23573"},"modified":"2025-03-02T19:16:05","modified_gmt":"2025-03-02T16:16:05","slug":"ispartada-2-katli-evde-yangin","status":"publish","type":"post","link":"https:\/\/www.egemtv.com\/?p=23573","title":{"rendered":"Isparta\u2019da 2 katl\u0131 evde yang\u0131n"},"content":{"rendered":"<p>Isparta\u2019da 2 katl\u0131 evin bodrum kat\u0131nda \u00e7\u0131kan yang\u0131nda mutfak ve bir oda tamamen yanarak kullan\u0131lamaz hale geldi.<br \/>\n<br \/>Yang\u0131n, ak\u015fam saatlerinde G\u00fclistan Mahallesi 2815. Sokak\u2019ta meydana geldi. Edinilen bilgiye g\u00f6re, 2 katl\u0131 m\u00fcstakil evin bodrum kat\u0131nda \u00e7\u0131kan yang\u0131n k\u0131sa s\u00fcrede b\u00fcy\u00fcyerek \u00fcst kata s\u0131\u00e7rad\u0131. Alevleri fark eden vatanda\u015flar, durumu 112 Acil \u00c7a\u011fr\u0131 Merkezi\u2019ne bildirdi. \u0130hbar \u00fczerine adrese \u00e7ok say\u0131da itfaiye ekibi sevk edildi. Olay yerine gelen itfaiye ekiplerinin m\u00fcdahalesiyle yang\u0131n k\u0131sa s\u00fcrede kontrol alt\u0131na al\u0131nd\u0131. Yang\u0131nda mutfak ve bir oda tamamen yanarken, ekipler so\u011futma \u00e7al\u0131\u015fmalar\u0131na bir s\u00fcre daha devam etti. Yang\u0131n\u0131n \u00e7\u0131k\u0131\u015f nedeninin belirlenmesi i\u00e7in inceleme ba\u015flat\u0131ld\u0131.<br \/><\/p>\n","protected":false},"excerpt":{"rendered":"<p>Isparta\u2019da 2 katl\u0131 evin bodrum kat\u0131nda \u00e7\u0131kan yang\u0131nda mutfak ve bir oda tamamen yanarak kullan\u0131lamaz hale geldi. Yang\u0131n, ak\u015fam saatlerinde G\u00fclistan Mahallesi 2815. Sokak\u2019ta meydana geldi. Edinilen bilgiye g\u00f6re, 2 katl\u0131 m\u00fcstakil evin bodrum kat\u0131nda \u00e7\u0131kan yang\u0131n k\u0131sa s\u00fcrede b\u00fcy\u00fcyerek \u00fcst kata s\u0131\u00e7rad\u0131. Alevleri fark eden vatanda\u015flar, durumu 112 Acil \u00c7a\u011fr\u0131 Merkezi\u2019ne bildirdi. \u0130hbar \u00fczerine&#8230;<\/p>\n","protected":false},"author":1,"featured_media":23574,"comment_status":"open","ping_status":"open","sticky":false,"template":"","format":"standard","meta":{"_crdt_document":"","footnotes":""},"categories":[5],"tags":[],"class_list":["post-23573","post","type-post","status-publish","format-standard","has-post-thumbnail","hentry","category-asayis"],"_links":{"self":[{"href":"https:\/\/www.egemtv.com\/index.php?rest_route=\/wp\/v2\/posts\/23573","targetHints":{"allow":["GET"]}}],"collection":[{"href":"https:\/\/www.egemtv.com\/index.php?rest_route=\/wp\/v2\/posts"}],"about":[{"href":"https:\/\/www.egemtv.com\/index.php?rest_route=\/wp\/v2\/types\/post"}],"author":[{"embeddable":true,"href":"https:\/\/www.egemtv.com\/index.php?rest_route=\/wp\/v2\/users\/1"}],"replies":[{"embeddable":true,"href":"https:\/\/www.egemtv.com\/index.php?rest_route=%2Fwp%2Fv2%2Fcomments&post=23573"}],"version-history":[{"count":1,"href":"https:\/\/www.egemtv.com\/index.php?rest_route=\/wp\/v2\/posts\/23573\/revisions"}],"predecessor-version":[{"id":23575,"href":"https:\/\/www.egemtv.com\/index.php?rest_route=\/wp\/v2\/posts\/23573\/revisions\/23575"}],"wp:featuredmedia":[{"embeddable":true,"href":"https:\/\/www.egemtv.com\/index.php?rest_route=\/wp\/v2\/media\/23574"}],"wp:attachment":[{"href":"https:\/\/www.egemtv.com\/index.php?rest_route=%2Fwp%2Fv2%2Fmedia&parent=23573"}],"wp:term":[{"taxonomy":"category","embeddable":true,"href":"https:\/\/www.egemtv.com\/index.php?rest_route=%2Fwp%2Fv2%2Fcategories&post=23573"},{"taxonomy":"post_tag","embeddable":true,"href":"https:\/\/www.egemtv.com\/index.php?rest_route=%2Fwp%2Fv2%2Ftags&post=23573"}],"curies":[{"name":"wp","href":"https:\/\/api.w.org\/{rel}","templated":true}]}}