{"id":23570,"date":"2025-03-02T19:15:56","date_gmt":"2025-03-02T16:15:56","guid":{"rendered":"https:\/\/www.egemtv.com\/?p=23570"},"modified":"2025-03-02T19:16:00","modified_gmt":"2025-03-02T16:16:00","slug":"bodrumda-milyon-dolarlik-motoryat-alev-alev-yandi","status":"publish","type":"post","link":"https:\/\/www.egemtv.com\/?p=23570","title":{"rendered":"Bodrum\u2019da milyon dolarl\u0131k motoryat alev alev yand\u0131"},"content":{"rendered":"<p>Mu\u011fla\u2019n\u0131n Bodrum il\u00e7esinde milyon dolarl\u0131k bir motoryat \u00e7\u0131kan yang\u0131nda k\u00fcle d\u00f6nd\u00fc.<br \/>\n<br \/>Edinilen bilgiye g\u00f6re, Bodrum merkezde bulunan Milta Marina\u2019da ba\u011fl\u0131 olan motoryatta hen\u00fcz bilinmeyen bir nedenle yang\u0131n \u00e7\u0131kt\u0131. Alevlerin k\u0131sa s\u00fcrede b\u00fcy\u00fcmesi \u00fczerine yat, g\u00f6revliler taraf\u0131ndan deniz ortas\u0131na \u00e7ekildi. \u0130tfaiye ekiplerinin h\u0131zl\u0131 m\u00fcdahalesiyle yang\u0131n s\u00f6nd\u00fcr\u00fcl\u00fcrken, yat kullan\u0131lamaz hale geldi. Yang\u0131n\u0131n \u00e7\u0131k\u0131\u015f sebebi ara\u015ft\u0131r\u0131l\u0131rken, yetkililer olayla ilgili soru\u015fturma ba\u015flatt\u0131.<br \/><\/p>\n","protected":false},"excerpt":{"rendered":"<p>Mu\u011fla\u2019n\u0131n Bodrum il\u00e7esinde milyon dolarl\u0131k bir motoryat \u00e7\u0131kan yang\u0131nda k\u00fcle d\u00f6nd\u00fc. Edinilen bilgiye g\u00f6re, Bodrum merkezde bulunan Milta Marina\u2019da ba\u011fl\u0131 olan motoryatta hen\u00fcz bilinmeyen bir nedenle yang\u0131n \u00e7\u0131kt\u0131. Alevlerin k\u0131sa s\u00fcrede b\u00fcy\u00fcmesi \u00fczerine yat, g\u00f6revliler taraf\u0131ndan deniz ortas\u0131na \u00e7ekildi. \u0130tfaiye ekiplerinin h\u0131zl\u0131 m\u00fcdahalesiyle yang\u0131n s\u00f6nd\u00fcr\u00fcl\u00fcrken, yat kullan\u0131lamaz hale geldi. Yang\u0131n\u0131n \u00e7\u0131k\u0131\u015f sebebi ara\u015ft\u0131r\u0131l\u0131rken, yetkililer olayla&#8230;<\/p>\n","protected":false},"author":1,"featured_media":23571,"comment_status":"open","ping_status":"open","sticky":false,"template":"","format":"standard","meta":{"_crdt_document":"","footnotes":""},"categories":[5],"tags":[],"class_list":["post-23570","post","type-post","status-publish","format-standard","has-post-thumbnail","hentry","category-asayis"],"_links":{"self":[{"href":"https:\/\/www.egemtv.com\/index.php?rest_route=\/wp\/v2\/posts\/23570","targetHints":{"allow":["GET"]}}],"collection":[{"href":"https:\/\/www.egemtv.com\/index.php?rest_route=\/wp\/v2\/posts"}],"about":[{"href":"https:\/\/www.egemtv.com\/index.php?rest_route=\/wp\/v2\/types\/post"}],"author":[{"embeddable":true,"href":"https:\/\/www.egemtv.com\/index.php?rest_route=\/wp\/v2\/users\/1"}],"replies":[{"embeddable":true,"href":"https:\/\/www.egemtv.com\/index.php?rest_route=%2Fwp%2Fv2%2Fcomments&post=23570"}],"version-history":[{"count":1,"href":"https:\/\/www.egemtv.com\/index.php?rest_route=\/wp\/v2\/posts\/23570\/revisions"}],"predecessor-version":[{"id":23572,"href":"https:\/\/www.egemtv.com\/index.php?rest_route=\/wp\/v2\/posts\/23570\/revisions\/23572"}],"wp:featuredmedia":[{"embeddable":true,"href":"https:\/\/www.egemtv.com\/index.php?rest_route=\/wp\/v2\/media\/23571"}],"wp:attachment":[{"href":"https:\/\/www.egemtv.com\/index.php?rest_route=%2Fwp%2Fv2%2Fmedia&parent=23570"}],"wp:term":[{"taxonomy":"category","embeddable":true,"href":"https:\/\/www.egemtv.com\/index.php?rest_route=%2Fwp%2Fv2%2Fcategories&post=23570"},{"taxonomy":"post_tag","embeddable":true,"href":"https:\/\/www.egemtv.com\/index.php?rest_route=%2Fwp%2Fv2%2Ftags&post=23570"}],"curies":[{"name":"wp","href":"https:\/\/api.w.org\/{rel}","templated":true}]}}