{"id":23567,"date":"2025-03-02T18:55:51","date_gmt":"2025-03-02T15:55:51","guid":{"rendered":"https:\/\/www.egemtv.com\/?p=23567"},"modified":"2025-03-02T18:55:52","modified_gmt":"2025-03-02T15:55:52","slug":"imren-alacatispordan-deplasmanda-gol-sov","status":"publish","type":"post","link":"https:\/\/www.egemtv.com\/?p=23567","title":{"rendered":"\u0130mren Ala\u00e7at\u0131spor\u2019dan deplasmanda gol \u015fov"},"content":{"rendered":"<p>Anakaya Lojistik \u00a0\u0130zmir S\u00fcper Amat\u00f6r Lig 4. Grup\u2019un 19. haftas\u0131nda \u0130mren Ala\u00e7at\u0131spor, deplasmanda kar\u015f\u0131la\u015ft\u0131\u011f\u0131 Ye\u015filyurtspor\u2019u 12-0 ma\u011flup etti.<br \/>\n<br \/>\u0130mren Ala\u00e7at\u0131spor, ma\u00e7\u0131n ilk gol\u00fcn\u00fc, Nuri Elin Tepekule\u2019nin\u00a0aya\u011f\u0131ndan, 3. dakikada\u00a0buldu. 12. dakikada Erdi \u00d6nal, 18. dakikada Ali Sel\u00e7ik, 44. dakikada Malik Sercan G\u00f6k ve 45+1\u2019de de Mehmet Berke Sarl\u0131ca\u2019n\u0131n\u00a0att\u0131\u011f\u0131 gollerle \u0130mren Ala\u00e7at\u0131spor, ma\u00e7\u0131n ilk yar\u0131s\u0131n\u0131 5-0 \u00f6nde kapatt\u0131.<br \/>\n<br \/>Ma\u00e7\u0131n ikinci yar\u0131s\u0131nda da rakip kaleye bask\u0131s\u0131n\u0131 artt\u0131ran \u0130mren Ala\u00e7at\u0131spor, 49. dakikada Y\u0131lmaz Aslanda\u011f, 56. dakikada Erdi \u00d6nal, 59. dakikada Mehmet Berke Sarl\u0131ca, 65, 72, 80 ce 83. dakikalarda Y\u0131lmaz Aslanda\u011f\u2019\u0131n att\u0131\u011f\u0131 gollerle \u0130mren Ala\u00e7at\u0131spor ma\u00e7\u0131 12-0 kazand\u0131.<br \/>\n<br \/>Bu sonu\u00e7la \u0130mren Ala\u00e7at\u0131spor, elde etti\u011fi galibiyetle 36 puanla 4. s\u0131rada yer ald\u0131.<br \/>\n<br \/>\u0130mren Ala\u00e7at\u0131spor, 8 Mart Cumartesi g\u00fcn\u00fc saat 14.00\u2019te G\u00fcm\u00fcld\u00fcrspor\u2019u\u00a0a\u011f\u0131rlayacak.<br \/><\/p>\n","protected":false},"excerpt":{"rendered":"<p>Anakaya Lojistik \u00a0\u0130zmir S\u00fcper Amat\u00f6r Lig 4. Grup\u2019un 19. haftas\u0131nda \u0130mren Ala\u00e7at\u0131spor, deplasmanda kar\u015f\u0131la\u015ft\u0131\u011f\u0131 Ye\u015filyurtspor\u2019u 12-0 ma\u011flup etti. \u0130mren Ala\u00e7at\u0131spor, ma\u00e7\u0131n ilk gol\u00fcn\u00fc, Nuri Elin Tepekule\u2019nin\u00a0aya\u011f\u0131ndan, 3. dakikada\u00a0buldu. 12. dakikada Erdi \u00d6nal, 18. dakikada Ali Sel\u00e7ik, 44. dakikada Malik Sercan G\u00f6k ve 45+1\u2019de de Mehmet Berke Sarl\u0131ca\u2019n\u0131n\u00a0att\u0131\u011f\u0131 gollerle \u0130mren Ala\u00e7at\u0131spor, ma\u00e7\u0131n ilk yar\u0131s\u0131n\u0131 5-0 \u00f6nde&#8230;<\/p>\n","protected":false},"author":1,"featured_media":23568,"comment_status":"open","ping_status":"open","sticky":false,"template":"","format":"standard","meta":{"_crdt_document":"","footnotes":""},"categories":[4],"tags":[],"class_list":["post-23567","post","type-post","status-publish","format-standard","has-post-thumbnail","hentry","category-spor"],"_links":{"self":[{"href":"https:\/\/www.egemtv.com\/index.php?rest_route=\/wp\/v2\/posts\/23567","targetHints":{"allow":["GET"]}}],"collection":[{"href":"https:\/\/www.egemtv.com\/index.php?rest_route=\/wp\/v2\/posts"}],"about":[{"href":"https:\/\/www.egemtv.com\/index.php?rest_route=\/wp\/v2\/types\/post"}],"author":[{"embeddable":true,"href":"https:\/\/www.egemtv.com\/index.php?rest_route=\/wp\/v2\/users\/1"}],"replies":[{"embeddable":true,"href":"https:\/\/www.egemtv.com\/index.php?rest_route=%2Fwp%2Fv2%2Fcomments&post=23567"}],"version-history":[{"count":1,"href":"https:\/\/www.egemtv.com\/index.php?rest_route=\/wp\/v2\/posts\/23567\/revisions"}],"predecessor-version":[{"id":23569,"href":"https:\/\/www.egemtv.com\/index.php?rest_route=\/wp\/v2\/posts\/23567\/revisions\/23569"}],"wp:featuredmedia":[{"embeddable":true,"href":"https:\/\/www.egemtv.com\/index.php?rest_route=\/wp\/v2\/media\/23568"}],"wp:attachment":[{"href":"https:\/\/www.egemtv.com\/index.php?rest_route=%2Fwp%2Fv2%2Fmedia&parent=23567"}],"wp:term":[{"taxonomy":"category","embeddable":true,"href":"https:\/\/www.egemtv.com\/index.php?rest_route=%2Fwp%2Fv2%2Fcategories&post=23567"},{"taxonomy":"post_tag","embeddable":true,"href":"https:\/\/www.egemtv.com\/index.php?rest_route=%2Fwp%2Fv2%2Ftags&post=23567"}],"curies":[{"name":"wp","href":"https:\/\/api.w.org\/{rel}","templated":true}]}}